{"id":10327,"date":"2024-11-11T12:02:36","date_gmt":"2024-11-11T11:02:36","guid":{"rendered":"https:\/\/proglas.co.rs\/?p=10327"},"modified":"2024-11-11T12:02:36","modified_gmt":"2024-11-11T11:02:36","slug":"proglas-podrzava-gradjane-i-sve-politicke-aktere-da-koriste-pravo-na-okupljanje","status":"publish","type":"post","link":"https:\/\/proglas.co.rs\/en\/2024\/11\/11\/proglas-podrzava-gradjane-i-sve-politicke-aktere-da-koriste-pravo-na-okupljanje\/","title":{"rendered":"ProGlas podr\u017eava gra\u0111ane i sve politi\u010dke aktere da koriste pravo na okupljanje"},"content":{"rendered":"<p><strong>Inicijativa ProGlas najo\u0161trije osu\u0111uje svaki vid nasilja nad demonstrantima koji izra\u017eavaju svoj stav o nedavnom stradanju u Novom Sadu. ProGlas podr\u017eava gra\u0111ane i sve politi\u010dke aktere da koriste svoje Ustavom zagarantovano pravo na mi\u0161ljenje i okupljanje.<\/strong><\/p>\n\n\n\n<p>Tokom protesta saose\u0107anja sa \u017ertvama nesre\u0107e i zahteva za odgovorno\u0161\u0107u nemarnih po\u010dinilaca u Novom Sadu, mirne u\u010desnike protesta hapsila su neuniformisana lica koja se nisu ni legitimisala. Svedoci smo narastuje\u0107e represije koju organi reda i pravosu\u0111a sprovode u ime vladaju\u0107e stranke protiv politi\u010dkih neistomi\u0161ljenika. U toku je zlokobna igra nadle\u017enih da maltretiraju i zastra\u0161uju uhap\u0161ene tako \u0161to naizmeni\u010dno menjaju odluke o pu\u0161tanju iz pritvora i ponovnom pritvaranju.<\/p>\n\n\n\n<p><strong>Na delu je svojevrsna relativizacija krivice i odgovornosti,<\/strong> gde \u0107e po\u010dinioci biti izuzeti iz istraga i postupaka, a miroljubivi demonstranti biti tretirani kao najgori kriminalci. <\/p>\n\n\n\n<p><strong>ProGlas, stoga, zahteva da prestane zloupotreba organa reda i pravosu\u0111a za potrebe vladaju\u0107e oligarhije i podr\u017eava sve proteste protiv takvog pona\u0161anja vlasti koje nas vodi u ambis diktature i gra\u0111anskih sukoba.<\/strong><\/p>","protected":false},"excerpt":{"rendered":"<p>Inicijativa ProGlas najo\u0161trije osu\u0111uje svaki vid nasilja nad demonstrantima koji izra\u017eavaju svoj stav o nedavnom stradanju u Novom Sadu. ProGlas podr\u017eava gra\u0111ane i sve politi\u010dke aktere da koriste svoje Ustavom zagarantovano pravo na mi\u0161ljenje i okupljanje. Tokom protesta saose\u0107anja sa \u017ertvama nesre\u0107e i zahteva za odgovorno\u0161\u0107u nemarnih po\u010dinilaca u Novom Sadu, mirne u\u010desnike protesta hapsila [&hellip;]<\/p>","protected":false},"author":1,"featured_media":10328,"comment_status":"open","ping_status":"open","sticky":false,"template":"","format":"standard","meta":{"footnotes":""},"categories":[50],"tags":[],"class_list":["post-10327","post","type-post","status-publish","format-standard","has-post-thumbnail","hentry","category-terenske-akcije"],"yoast_head":"<!-- This site is optimized with the Yoast SEO plugin v26.9 - https:\/\/yoast.com\/product\/yoast-seo-wordpress\/ -->\n<title>ProGlas podr\u017eava gra\u0111ane i sve politi\u010dke aktere da koriste pravo na okupljanje - Proglas<\/title>\n<meta name=\"robots\" content=\"index, follow, max-snippet:-1, max-image-preview:large, max-video-preview:-1\" \/>\n<link rel=\"canonical\" href=\"https:\/\/proglas.co.rs\/en\/2024\/11\/11\/proglas-podrzava-gradjane-i-sve-politicke-aktere-da-koriste-pravo-na-okupljanje\/\" \/>\n<meta property=\"og:locale\" content=\"en_US\" \/>\n<meta property=\"og:type\" content=\"article\" \/>\n<meta property=\"og:title\" content=\"ProGlas podr\u017eava gra\u0111ane i sve politi\u010dke aktere da koriste pravo na okupljanje - Proglas\" \/>\n<meta property=\"og:description\" content=\"Inicijativa ProGlas najo\u0161trije osu\u0111uje svaki vid nasilja nad demonstrantima koji izra\u017eavaju svoj stav o nedavnom stradanju u Novom Sadu. ProGlas podr\u017eava gra\u0111ane i sve politi\u010dke aktere da koriste svoje Ustavom zagarantovano pravo na mi\u0161ljenje i okupljanje. Tokom protesta saose\u0107anja sa \u017ertvama nesre\u0107e i zahteva za odgovorno\u0161\u0107u nemarnih po\u010dinilaca u Novom Sadu, mirne u\u010desnike protesta hapsila [&hellip;]\" \/>\n<meta property=\"og:url\" content=\"https:\/\/proglas.co.rs\/en\/2024\/11\/11\/proglas-podrzava-gradjane-i-sve-politicke-aktere-da-koriste-pravo-na-okupljanje\/\" \/>\n<meta property=\"og:site_name\" content=\"Proglas\" \/>\n<meta property=\"article:publisher\" content=\"https:\/\/www.facebook.com\/pro.glas.rs?mibextid=9R9pXO\" \/>\n<meta property=\"article:published_time\" content=\"2024-11-11T11:02:36+00:00\" \/>\n<meta property=\"og:image\" content=\"https:\/\/proglas.co.rs\/wp-content\/uploads\/2024\/11\/Protest-Novi-Sad.jpg\" \/>\n\t<meta property=\"og:image:width\" content=\"900\" \/>\n\t<meta property=\"og:image:height\" content=\"510\" \/>\n\t<meta property=\"og:image:type\" content=\"image\/jpeg\" \/>\n<meta name=\"author\" content=\"ivan\" \/>\n<meta name=\"twitter:card\" content=\"summary_large_image\" \/>\n<meta name=\"twitter:creator\" content=\"@pro_glas_rs\" \/>\n<meta name=\"twitter:site\" content=\"@pro_glas_rs\" \/>\n<meta name=\"twitter:label1\" content=\"Written by\" \/>\n\t<meta name=\"twitter:data1\" content=\"ivan\" \/>\n\t<meta name=\"twitter:label2\" content=\"Est. reading time\" \/>\n\t<meta name=\"twitter:data2\" content=\"2 minutes\" \/>\n<script type=\"application\/ld+json\" class=\"yoast-schema-graph\">{\"@context\":\"https:\/\/schema.org\",\"@graph\":[{\"@type\":\"Article\",\"@id\":\"https:\/\/proglas.co.rs\/2024\/11\/11\/proglas-podrzava-gradjane-i-sve-politicke-aktere-da-koriste-pravo-na-okupljanje\/#article\",\"isPartOf\":{\"@id\":\"https:\/\/proglas.co.rs\/2024\/11\/11\/proglas-podrzava-gradjane-i-sve-politicke-aktere-da-koriste-pravo-na-okupljanje\/\"},\"author\":{\"name\":\"ivan\",\"@id\":\"https:\/\/proglas.co.rs\/#\/schema\/person\/454618ec33c1de7c8c18b296dabc5281\"},\"headline\":\"ProGlas podr\u017eava gra\u0111ane i sve politi\u010dke aktere da koriste pravo na okupljanje\",\"datePublished\":\"2024-11-11T11:02:36+00:00\",\"mainEntityOfPage\":{\"@id\":\"https:\/\/proglas.co.rs\/2024\/11\/11\/proglas-podrzava-gradjane-i-sve-politicke-aktere-da-koriste-pravo-na-okupljanje\/\"},\"wordCount\":202,\"commentCount\":0,\"publisher\":{\"@id\":\"https:\/\/proglas.co.rs\/#organization\"},\"image\":{\"@id\":\"https:\/\/proglas.co.rs\/2024\/11\/11\/proglas-podrzava-gradjane-i-sve-politicke-aktere-da-koriste-pravo-na-okupljanje\/#primaryimage\"},\"thumbnailUrl\":\"https:\/\/proglas.co.rs\/wp-content\/uploads\/2024\/11\/Protest-Novi-Sad.jpg\",\"articleSection\":[\"ProGlas na terenu\"],\"inLanguage\":\"en-US\",\"potentialAction\":[{\"@type\":\"CommentAction\",\"name\":\"Comment\",\"target\":[\"https:\/\/proglas.co.rs\/2024\/11\/11\/proglas-podrzava-gradjane-i-sve-politicke-aktere-da-koriste-pravo-na-okupljanje\/#respond\"]}]},{\"@type\":\"WebPage\",\"@id\":\"https:\/\/proglas.co.rs\/2024\/11\/11\/proglas-podrzava-gradjane-i-sve-politicke-aktere-da-koriste-pravo-na-okupljanje\/\",\"url\":\"https:\/\/proglas.co.rs\/2024\/11\/11\/proglas-podrzava-gradjane-i-sve-politicke-aktere-da-koriste-pravo-na-okupljanje\/\",\"name\":\"ProGlas podr\u017eava gra\u0111ane i sve politi\u010dke aktere da koriste pravo na okupljanje - Proglas\",\"isPartOf\":{\"@id\":\"https:\/\/proglas.co.rs\/#website\"},\"primaryImageOfPage\":{\"@id\":\"https:\/\/proglas.co.rs\/2024\/11\/11\/proglas-podrzava-gradjane-i-sve-politicke-aktere-da-koriste-pravo-na-okupljanje\/#primaryimage\"},\"image\":{\"@id\":\"https:\/\/proglas.co.rs\/2024\/11\/11\/proglas-podrzava-gradjane-i-sve-politicke-aktere-da-koriste-pravo-na-okupljanje\/#primaryimage\"},\"thumbnailUrl\":\"https:\/\/proglas.co.rs\/wp-content\/uploads\/2024\/11\/Protest-Novi-Sad.jpg\",\"datePublished\":\"2024-11-11T11:02:36+00:00\",\"breadcrumb\":{\"@id\":\"https:\/\/proglas.co.rs\/2024\/11\/11\/proglas-podrzava-gradjane-i-sve-politicke-aktere-da-koriste-pravo-na-okupljanje\/#breadcrumb\"},\"inLanguage\":\"en-US\",\"potentialAction\":[{\"@type\":\"ReadAction\",\"target\":[\"https:\/\/proglas.co.rs\/2024\/11\/11\/proglas-podrzava-gradjane-i-sve-politicke-aktere-da-koriste-pravo-na-okupljanje\/\"]}]},{\"@type\":\"ImageObject\",\"inLanguage\":\"en-US\",\"@id\":\"https:\/\/proglas.co.rs\/2024\/11\/11\/proglas-podrzava-gradjane-i-sve-politicke-aktere-da-koriste-pravo-na-okupljanje\/#primaryimage\",\"url\":\"https:\/\/proglas.co.rs\/wp-content\/uploads\/2024\/11\/Protest-Novi-Sad.jpg\",\"contentUrl\":\"https:\/\/proglas.co.rs\/wp-content\/uploads\/2024\/11\/Protest-Novi-Sad.jpg\",\"width\":900,\"height\":510},{\"@type\":\"BreadcrumbList\",\"@id\":\"https:\/\/proglas.co.rs\/2024\/11\/11\/proglas-podrzava-gradjane-i-sve-politicke-aktere-da-koriste-pravo-na-okupljanje\/#breadcrumb\",\"itemListElement\":[{\"@type\":\"ListItem\",\"position\":1,\"name\":\"Po\u010detna\",\"item\":\"https:\/\/proglas.co.rs\/\"},{\"@type\":\"ListItem\",\"position\":2,\"name\":\"ProGlas podr\u017eava gra\u0111ane i sve politi\u010dke aktere da koriste pravo na okupljanje\"}]},{\"@type\":\"WebSite\",\"@id\":\"https:\/\/proglas.co.rs\/#website\",\"url\":\"https:\/\/proglas.co.rs\/\",\"name\":\"Proglas\",\"description\":\"\",\"publisher\":{\"@id\":\"https:\/\/proglas.co.rs\/#organization\"},\"potentialAction\":[{\"@type\":\"SearchAction\",\"target\":{\"@type\":\"EntryPoint\",\"urlTemplate\":\"https:\/\/proglas.co.rs\/?s={search_term_string}\"},\"query-input\":{\"@type\":\"PropertyValueSpecification\",\"valueRequired\":true,\"valueName\":\"search_term_string\"}}],\"inLanguage\":\"en-US\"},{\"@type\":\"Organization\",\"@id\":\"https:\/\/proglas.co.rs\/#organization\",\"name\":\"Proglas\",\"url\":\"https:\/\/proglas.co.rs\/\",\"logo\":{\"@type\":\"ImageObject\",\"inLanguage\":\"en-US\",\"@id\":\"https:\/\/proglas.co.rs\/#\/schema\/logo\/image\/\",\"url\":\"https:\/\/proglas.co.rs\/wp-content\/uploads\/2024\/03\/prolgas-logo-png.webp\",\"contentUrl\":\"https:\/\/proglas.co.rs\/wp-content\/uploads\/2024\/03\/prolgas-logo-png.webp\",\"width\":388,\"height\":110,\"caption\":\"Proglas\"},\"image\":{\"@id\":\"https:\/\/proglas.co.rs\/#\/schema\/logo\/image\/\"},\"sameAs\":[\"https:\/\/www.facebook.com\/pro.glas.rs?mibextid=9R9pXO\",\"https:\/\/x.com\/pro_glas_rs\",\"https:\/\/www.tiktok.com\/@pro_glas_rs?_t=8hC7kX6SLDi&_r=1\",\"https:\/\/www.youtube.com\/@pro_glas_rs\/\",\"https:\/\/instagram.com\/pro_glas_rs?igshid=djcxcGp2emdveDBm\"]},{\"@type\":\"Person\",\"@id\":\"https:\/\/proglas.co.rs\/#\/schema\/person\/454618ec33c1de7c8c18b296dabc5281\",\"name\":\"ivan\",\"image\":{\"@type\":\"ImageObject\",\"inLanguage\":\"en-US\",\"@id\":\"https:\/\/proglas.co.rs\/#\/schema\/person\/image\/\",\"url\":\"https:\/\/secure.gravatar.com\/avatar\/c5b711be48a7abbdb3220ab9c70f2cd8133b44966da566aff509bddb351be5fc?s=96&d=mm&r=g\",\"contentUrl\":\"https:\/\/secure.gravatar.com\/avatar\/c5b711be48a7abbdb3220ab9c70f2cd8133b44966da566aff509bddb351be5fc?s=96&d=mm&r=g\",\"caption\":\"ivan\"},\"sameAs\":[\"https:\/\/pg.swipeup.rs\"],\"url\":\"https:\/\/proglas.co.rs\/en\/author\/ivan\/\"}]}<\/script>\n<!-- \/ Yoast SEO plugin. -->","yoast_head_json":{"title":"ProGlas podr\u017eava gra\u0111ane i sve politi\u010dke aktere da koriste pravo na okupljanje - Proglas","robots":{"index":"index","follow":"follow","max-snippet":"max-snippet:-1","max-image-preview":"max-image-preview:large","max-video-preview":"max-video-preview:-1"},"canonical":"https:\/\/proglas.co.rs\/en\/2024\/11\/11\/proglas-podrzava-gradjane-i-sve-politicke-aktere-da-koriste-pravo-na-okupljanje\/","og_locale":"en_US","og_type":"article","og_title":"ProGlas podr\u017eava gra\u0111ane i sve politi\u010dke aktere da koriste pravo na okupljanje - Proglas","og_description":"Inicijativa ProGlas najo\u0161trije osu\u0111uje svaki vid nasilja nad demonstrantima koji izra\u017eavaju svoj stav o nedavnom stradanju u Novom Sadu. ProGlas podr\u017eava gra\u0111ane i sve politi\u010dke aktere da koriste svoje Ustavom zagarantovano pravo na mi\u0161ljenje i okupljanje. Tokom protesta saose\u0107anja sa \u017ertvama nesre\u0107e i zahteva za odgovorno\u0161\u0107u nemarnih po\u010dinilaca u Novom Sadu, mirne u\u010desnike protesta hapsila [&hellip;]","og_url":"https:\/\/proglas.co.rs\/en\/2024\/11\/11\/proglas-podrzava-gradjane-i-sve-politicke-aktere-da-koriste-pravo-na-okupljanje\/","og_site_name":"Proglas","article_publisher":"https:\/\/www.facebook.com\/pro.glas.rs?mibextid=9R9pXO","article_published_time":"2024-11-11T11:02:36+00:00","og_image":[{"width":900,"height":510,"url":"https:\/\/proglas.co.rs\/wp-content\/uploads\/2024\/11\/Protest-Novi-Sad.jpg","type":"image\/jpeg"}],"author":"ivan","twitter_card":"summary_large_image","twitter_creator":"@pro_glas_rs","twitter_site":"@pro_glas_rs","twitter_misc":{"Written by":"ivan","Est. reading time":"2 minutes"},"schema":{"@context":"https:\/\/schema.org","@graph":[{"@type":"Article","@id":"https:\/\/proglas.co.rs\/2024\/11\/11\/proglas-podrzava-gradjane-i-sve-politicke-aktere-da-koriste-pravo-na-okupljanje\/#article","isPartOf":{"@id":"https:\/\/proglas.co.rs\/2024\/11\/11\/proglas-podrzava-gradjane-i-sve-politicke-aktere-da-koriste-pravo-na-okupljanje\/"},"author":{"name":"ivan","@id":"https:\/\/proglas.co.rs\/#\/schema\/person\/454618ec33c1de7c8c18b296dabc5281"},"headline":"ProGlas podr\u017eava gra\u0111ane i sve politi\u010dke aktere da koriste pravo na okupljanje","datePublished":"2024-11-11T11:02:36+00:00","mainEntityOfPage":{"@id":"https:\/\/proglas.co.rs\/2024\/11\/11\/proglas-podrzava-gradjane-i-sve-politicke-aktere-da-koriste-pravo-na-okupljanje\/"},"wordCount":202,"commentCount":0,"publisher":{"@id":"https:\/\/proglas.co.rs\/#organization"},"image":{"@id":"https:\/\/proglas.co.rs\/2024\/11\/11\/proglas-podrzava-gradjane-i-sve-politicke-aktere-da-koriste-pravo-na-okupljanje\/#primaryimage"},"thumbnailUrl":"https:\/\/proglas.co.rs\/wp-content\/uploads\/2024\/11\/Protest-Novi-Sad.jpg","articleSection":["ProGlas na terenu"],"inLanguage":"en-US","potentialAction":[{"@type":"CommentAction","name":"Comment","target":["https:\/\/proglas.co.rs\/2024\/11\/11\/proglas-podrzava-gradjane-i-sve-politicke-aktere-da-koriste-pravo-na-okupljanje\/#respond"]}]},{"@type":"WebPage","@id":"https:\/\/proglas.co.rs\/2024\/11\/11\/proglas-podrzava-gradjane-i-sve-politicke-aktere-da-koriste-pravo-na-okupljanje\/","url":"https:\/\/proglas.co.rs\/2024\/11\/11\/proglas-podrzava-gradjane-i-sve-politicke-aktere-da-koriste-pravo-na-okupljanje\/","name":"ProGlas podr\u017eava gra\u0111ane i sve politi\u010dke aktere da koriste pravo na okupljanje - Proglas","isPartOf":{"@id":"https:\/\/proglas.co.rs\/#website"},"primaryImageOfPage":{"@id":"https:\/\/proglas.co.rs\/2024\/11\/11\/proglas-podrzava-gradjane-i-sve-politicke-aktere-da-koriste-pravo-na-okupljanje\/#primaryimage"},"image":{"@id":"https:\/\/proglas.co.rs\/2024\/11\/11\/proglas-podrzava-gradjane-i-sve-politicke-aktere-da-koriste-pravo-na-okupljanje\/#primaryimage"},"thumbnailUrl":"https:\/\/proglas.co.rs\/wp-content\/uploads\/2024\/11\/Protest-Novi-Sad.jpg","datePublished":"2024-11-11T11:02:36+00:00","breadcrumb":{"@id":"https:\/\/proglas.co.rs\/2024\/11\/11\/proglas-podrzava-gradjane-i-sve-politicke-aktere-da-koriste-pravo-na-okupljanje\/#breadcrumb"},"inLanguage":"en-US","potentialAction":[{"@type":"ReadAction","target":["https:\/\/proglas.co.rs\/2024\/11\/11\/proglas-podrzava-gradjane-i-sve-politicke-aktere-da-koriste-pravo-na-okupljanje\/"]}]},{"@type":"ImageObject","inLanguage":"en-US","@id":"https:\/\/proglas.co.rs\/2024\/11\/11\/proglas-podrzava-gradjane-i-sve-politicke-aktere-da-koriste-pravo-na-okupljanje\/#primaryimage","url":"https:\/\/proglas.co.rs\/wp-content\/uploads\/2024\/11\/Protest-Novi-Sad.jpg","contentUrl":"https:\/\/proglas.co.rs\/wp-content\/uploads\/2024\/11\/Protest-Novi-Sad.jpg","width":900,"height":510},{"@type":"BreadcrumbList","@id":"https:\/\/proglas.co.rs\/2024\/11\/11\/proglas-podrzava-gradjane-i-sve-politicke-aktere-da-koriste-pravo-na-okupljanje\/#breadcrumb","itemListElement":[{"@type":"ListItem","position":1,"name":"Po\u010detna","item":"https:\/\/proglas.co.rs\/"},{"@type":"ListItem","position":2,"name":"ProGlas podr\u017eava gra\u0111ane i sve politi\u010dke aktere da koriste pravo na okupljanje"}]},{"@type":"WebSite","@id":"https:\/\/proglas.co.rs\/#website","url":"https:\/\/proglas.co.rs\/","name":"Proglas","description":"","publisher":{"@id":"https:\/\/proglas.co.rs\/#organization"},"potentialAction":[{"@type":"SearchAction","target":{"@type":"EntryPoint","urlTemplate":"https:\/\/proglas.co.rs\/?s={search_term_string}"},"query-input":{"@type":"PropertyValueSpecification","valueRequired":true,"valueName":"search_term_string"}}],"inLanguage":"en-US"},{"@type":"Organization","@id":"https:\/\/proglas.co.rs\/#organization","name":"Proglas","url":"https:\/\/proglas.co.rs\/","logo":{"@type":"ImageObject","inLanguage":"en-US","@id":"https:\/\/proglas.co.rs\/#\/schema\/logo\/image\/","url":"https:\/\/proglas.co.rs\/wp-content\/uploads\/2024\/03\/prolgas-logo-png.webp","contentUrl":"https:\/\/proglas.co.rs\/wp-content\/uploads\/2024\/03\/prolgas-logo-png.webp","width":388,"height":110,"caption":"Proglas"},"image":{"@id":"https:\/\/proglas.co.rs\/#\/schema\/logo\/image\/"},"sameAs":["https:\/\/www.facebook.com\/pro.glas.rs?mibextid=9R9pXO","https:\/\/x.com\/pro_glas_rs","https:\/\/www.tiktok.com\/@pro_glas_rs?_t=8hC7kX6SLDi&_r=1","https:\/\/www.youtube.com\/@pro_glas_rs\/","https:\/\/instagram.com\/pro_glas_rs?igshid=djcxcGp2emdveDBm"]},{"@type":"Person","@id":"https:\/\/proglas.co.rs\/#\/schema\/person\/454618ec33c1de7c8c18b296dabc5281","name":"ivan","image":{"@type":"ImageObject","inLanguage":"en-US","@id":"https:\/\/proglas.co.rs\/#\/schema\/person\/image\/","url":"https:\/\/secure.gravatar.com\/avatar\/c5b711be48a7abbdb3220ab9c70f2cd8133b44966da566aff509bddb351be5fc?s=96&d=mm&r=g","contentUrl":"https:\/\/secure.gravatar.com\/avatar\/c5b711be48a7abbdb3220ab9c70f2cd8133b44966da566aff509bddb351be5fc?s=96&d=mm&r=g","caption":"ivan"},"sameAs":["https:\/\/pg.swipeup.rs"],"url":"https:\/\/proglas.co.rs\/en\/author\/ivan\/"}]}},"_links":{"self":[{"href":"https:\/\/proglas.co.rs\/en\/wp-json\/wp\/v2\/posts\/10327","targetHints":{"allow":["GET"]}}],"collection":[{"href":"https:\/\/proglas.co.rs\/en\/wp-json\/wp\/v2\/posts"}],"about":[{"href":"https:\/\/proglas.co.rs\/en\/wp-json\/wp\/v2\/types\/post"}],"author":[{"embeddable":true,"href":"https:\/\/proglas.co.rs\/en\/wp-json\/wp\/v2\/users\/1"}],"replies":[{"embeddable":true,"href":"https:\/\/proglas.co.rs\/en\/wp-json\/wp\/v2\/comments?post=10327"}],"version-history":[{"count":1,"href":"https:\/\/proglas.co.rs\/en\/wp-json\/wp\/v2\/posts\/10327\/revisions"}],"predecessor-version":[{"id":10329,"href":"https:\/\/proglas.co.rs\/en\/wp-json\/wp\/v2\/posts\/10327\/revisions\/10329"}],"wp:featuredmedia":[{"embeddable":true,"href":"https:\/\/proglas.co.rs\/en\/wp-json\/wp\/v2\/media\/10328"}],"wp:attachment":[{"href":"https:\/\/proglas.co.rs\/en\/wp-json\/wp\/v2\/media?parent=10327"}],"wp:term":[{"taxonomy":"category","embeddable":true,"href":"https:\/\/proglas.co.rs\/en\/wp-json\/wp\/v2\/categories?post=10327"},{"taxonomy":"post_tag","embeddable":true,"href":"https:\/\/proglas.co.rs\/en\/wp-json\/wp\/v2\/tags?post=10327"}],"curies":[{"name":"wp","href":"https:\/\/api.w.org\/{rel}","templated":true}]}}