{"id":10497,"date":"2024-12-26T23:46:29","date_gmt":"2024-12-26T22:46:29","guid":{"rendered":"https:\/\/proglas.co.rs\/?p=10497"},"modified":"2025-03-26T10:39:21","modified_gmt":"2025-03-26T09:39:21","slug":"formiran-advokatski-tim-za-pro-bono-podrsku-studentima","status":"publish","type":"post","link":"https:\/\/proglas.co.rs\/en\/2024\/12\/26\/formiran-advokatski-tim-za-pro-bono-podrsku-studentima\/","title":{"rendered":"Formiran advokatski tim za pro bono podr\u0161ku studentima"},"content":{"rendered":"<p class=\"p1\">Obave\u0161tavamo studente koji u\u010destvuju u blokadama i suo\u010davaju se s pritiscima, uklju\u010duju\u0107i pozive na informativne razgovore, podno\u0161enje prekr\u0161ajnih i krivi\u010dnih prijava protiv njih, kao i pretnje i zastra\u0161ivanja, da im je dostupna besplatna pravna pomo\u0107. <strong>Inicijativi ProGlas javili su se advokati koji su spremni da pro bono pru\u017ee podr\u0161ku studentima.<\/strong><\/p>\n\n\n\n<p class=\"p1\"><strong>Za direktan kontakt i pravnu pomo\u0107, studenti se mogu obratiti slede\u0107im advokatima:<\/strong><\/p>\n\n\n\n<p><strong><mark style=\"background-color:rgba(0, 0, 0, 0);color:#00d084\" class=\"has-inline-color has-vivid-green-cyan-color\">Beograd<\/mark><\/strong><\/p>\n\n\n\n<p class=\"p1\">Adv. Nevena F\u00fcrst, Beograd 063\/8992-532<\/p>\n\n\n\n<p class=\"p1\">Advokatska kancelarija Goran Nini\u0107, Beograd 063\/203-465&nbsp;<\/p>\n\n\n\n<p class=\"p1\">Adv. Du\u0161an Ignjatovi\u0107, Beograd 064\/615-5540<\/p>\n\n\n\n<p class=\"p1\">Adv. \u017deljko Sankovi\u0107, Beograd 064\/192-1901<\/p>\n\n\n\n<p class=\"p1\">Adv. Dimitrije Ili\u0107, Beograd 063\/308-973<\/p>\n\n\n\n<p class=\"p1\">Adv. Mom\u010dilo Mini\u0107, Beograd 064\/124-9409&nbsp;<\/p>\n\n\n\n<p class=\"p1\">Adv. Nikola Grebo, Beograd 063\/430-877<\/p>\n\n\n\n<p class=\"p1\">Adv. Mladen D\u017eoli\u0107, Beograd 064\/323-1550<\/p>\n\n\n\n<p class=\"p1\">Adv. Nenad Vojnovi\u0107, Beograd 063\/306-157<\/p>\n\n\n\n<p class=\"p1\">Adv. Uro\u0161 Siljanovi\u0107, Beograd 063\/712-6332<\/p>\n\n\n\n<p class=\"p1\">Petkovi\u0107 Milica, 064\/1691309<\/p>\n\n\n\n<p class=\"p1\">Nevena R. Proti\u0107, 381 63 47 95 47<\/p>\n\n\n\n<p class=\"p1\">Ivana Porti\u0107, 064\/2758770<\/p>\n\n\n\n<p class=\"p1\">Aleksandar \u0106ur\u010di\u0107, 611630280<\/p>\n\n\n\n<p class=\"p1\">Ivana Jovanov, 612964213<\/p>\n\n\n\n<p class=\"p1\">\u0411\u043e\u0458\u0430\u043d \u0414. \u0427\u0435\u0434\u0438\u045b, 63306854<\/p>\n\n\n\n<p class=\"p1\">\u041c\u0430\u0440\u043a\u043e \u041c. \u0416\u0438\u0432\u0430\u043d\u043e\u0432\u0438\u045b, 637041991<\/p>\n\n\n\n<p class=\"p1\">Petar M. O\u017eegovi\u0107, 381 63 7649 689<\/p>\n\n\n\n<p class=\"p1\">Aleksandar Prekodravac, 063 \/ 773 14 24<\/p>\n\n\n\n<p class=\"p1\">Marija Stojkovi\u0107, 63550690<\/p>\n\n\n\n<p class=\"p1\">Pavle Vi\u0107anovi\u0107, 669661141<\/p>\n\n\n\n<p class=\"p1\">Milo\u0161a Vlahovi\u0107a, 064\/165 63 02<\/p>\n\n\n\n<p class=\"p1\">Srdjan Maukovic, 064 99 29 652<\/p>\n\n\n\n<p class=\"p1\">Julijana Viloti\u0107, 063 502 779<\/p>\n\n\n\n<p class=\"p1\">Kristina Vrani\u0107, 63360335<\/p>\n\n\n\n<p class=\"p1\">Rastko Naumov, 381 69 200 77 90<\/p>\n\n\n\n<p class=\"p1\">Branko Bo\u017einovi\u0107, 381 64 122 32 36<\/p>\n\n\n\n<p class=\"p1\">Jovana Jovanovi\u0107, 063\/70-77-033<\/p>\n\n\n\n<p class=\"p1\">Miloslav Ivi\u0107, 063\/7702616<\/p>\n\n\n\n<p class=\"p1\">Vladimir Galjak, 063 8252 041<\/p>\n\n\n\n<p class=\"p1\">Stevan Sin\u0111eli\u0107, 064 20 50 522<\/p>\n\n\n\n<p class=\"p1\">Ristovi\u0107 Borko, 064-1178590<\/p>\n\n\n\n<p class=\"p1\">Nemanja Rakovi\u0107, 065-6740115<\/p>\n\n\n\n<p class=\"p1\">Petar Mitov, 060\/312-4651<\/p>\n\n\n\n<p class=\"p1\">Uro\u0161 Te\u0161manovi\u0107, 064\/139-7072<\/p>\n\n\n\n<p class=\"p1\">Gordana Laketi\u0107, 069\/129-1291<\/p>\n\n\n\n<p class=\"p1\">Vesna Dimitrijevi\u0107, 064\/219-9136<\/p>\n\n\n\n<p class=\"p1\">Danijela \u010cavlina, 063\/324-624<\/p>\n\n\n\n<p class=\"p1\">Jelena S. Stoji\u0107, 069\/224-7755<\/p>\n\n\n\n<p class=\"p1\"><strong><mark style=\"background-color:rgba(0, 0, 0, 0);color:#00d084\" class=\"has-inline-color has-vivid-green-cyan-color\">Valjevo<\/mark><\/strong><\/p>\n\n\n\n<p class=\"p1\">Adv. Branko Ivkovi\u0107, 064\/1287-831<\/p>\n\n\n\n<p class=\"p1\">Adv. Jelena Kovanovi\u0107, 069\/28 13 053<\/p>\n\n\n\n<p class=\"p1\">Adv. Vera A\u0107imovi\u0107, 063\/7707-668<\/p>\n\n\n\n<p class=\"p1\">Adv. An\u0111elka \u0110uri\u010di\u0107 Raki\u0107, 066-002322<\/p>\n\n\n\n<p class=\"p1\">Adv. Stefan Jakovljevi\u0107, 064\/9390572<\/p>\n\n\n\n<p class=\"p1\">Adv. Jasmina Mihailovi\u0107, 064-3445-519<\/p>\n\n\n\n<p class=\"p1\">Adv. Ana A\u0107imovi\u0107 Planojevi\u0107, 064\/4319084<\/p>\n\n\n\n<p class=\"p1\">Adv. Nenad Savkovi\u0107, 064\/555-3231<\/p>\n\n\n\n<p class=\"p1\">Adv. Luka A\u0107imovi\u0107, 060\/0222-530<\/p>\n\n\n\n<p><strong><mark style=\"background-color:rgba(0, 0, 0, 0);color:#00d084\" class=\"has-inline-color has-vivid-green-cyan-color\">Loznica<\/mark><\/strong><\/p>\n\n\n\n<p class=\"p1\">Adv. Du\u0161an Mari\u0107, Loznica 063\/896-4004<\/p>\n\n\n\n<p><\/p>\n\n\n\n<p><strong><mark style=\"background-color:rgba(0, 0, 0, 0);color:#00d084\" class=\"has-inline-color has-vivid-green-cyan-color\">U\u017eice<\/mark><\/strong><\/p>\n\n\n\n<p>Adv. Aleksandar Veselinovi\u0107, U\u017eice 064\/254-2325<\/p>\n\n\n\n<p><\/p>\n\n\n\n<p><strong><mark style=\"background-color:rgba(0, 0, 0, 0);color:#00d084\" class=\"has-inline-color has-vivid-green-cyan-color\">Ni\u0161<\/mark><\/strong><\/p>\n\n\n\n<p class=\"p1\">Jelena Ne\u0161ovi\u0107, 069\/4562635<\/p>\n\n\n\n<p class=\"p1\">Vladimir Joci\u0107, 065\/2606014<\/p>\n\n\n\n<p class=\"p1\">Marija Vasi\u0107, 060\/4700-430<\/p>\n\n\n\n<p class=\"p1\">Momcilovic J Nenad, 066\/8016259<\/p>\n\n\n\n<p class=\"p1\">Biljana Brankovi\u0107, 064\/136-5235<\/p>\n\n\n\n<p><\/p>\n\n\n\n<p class=\"p1\"><strong><mark style=\"background-color:rgba(0, 0, 0, 0);color:#00d084\" class=\"has-inline-color has-vivid-green-cyan-color\">Lebane<\/mark><\/strong><\/p>\n\n\n\n<p>Jelena Doj\u010dinovi\u0107, 069758988<\/p>\n\n\n\n<p><\/p>\n\n\n\n<p><strong><mark style=\"background-color:rgba(0, 0, 0, 0);color:#00d084\" class=\"has-inline-color has-vivid-green-cyan-color\">Vranje<\/mark><\/strong><\/p>\n\n\n\n<p>Predrag Jovanovi\u0107, 062 504 202<\/p>\n\n\n\n<p>Igor Zlatkovi\u0107, 063\/401-953<\/p>\n\n\n\n<p><\/p>\n\n\n\n<p><strong><mark style=\"background-color:rgba(0, 0, 0, 0);color:#00d084\" class=\"has-inline-color has-vivid-green-cyan-color\">Novi Sad<\/mark><\/strong><\/p>\n\n\n\n<p class=\"p1\">Nina Basta Pej\u010di\u0107, 381 65 993 04 06<\/p>\n\n\n\n<p class=\"p1\">Jelena Stankovi\u0107, 069\/55-26-959<\/p>\n\n\n\n<p class=\"p1\">Natalija Franeta, 064\/018-6227<\/p>\n\n\n\n<p class=\"p1\">Andrea Kuruc, 63581917<\/p>\n\n\n\n<p class=\"p1\">Selena Pe\u0161i\u0107, 381 60 312 8159<\/p>\n\n\n\n<p class=\"p1\">\u0418\u0432\u0430\u043d \u0410\u043d\u0434\u0440\u043e\u0432\u0438\u045b, 381 62 575 930<\/p>\n\n\n\n<p class=\"p1\">Milica Tornjanski, 643177740<\/p>\n\n\n\n<p class=\"p1\">Preli\u0107 Petar, 381691442133<\/p>\n\n\n\n<p class=\"p1\">Aleksa \u010cobanov, 064\/846-9023<\/p>\n\n\n\n<p class=\"p1\">\u041c\u0438\u0440\u0458\u0430\u043d\u0430 \u0421\u0443\u0458\u0438\u045b \u0421\u0442\u0430\u043c\u0435\u043d\u0438\u045b, 381 63 884 1229<\/p>\n\n\n\n<p class=\"p1\">\u041b\u0430\u0437\u0430\u0440 \u040b\u043e\u0441\u0438\u045b, 381 63 884 1229<\/p>\n\n\n\n<p class=\"p1\">Jelena Lukavac, 062\/544-472<\/p>\n\n\n\n<p class=\"p1\">Dejan Vrsajkov, 064 129 8176<\/p>\n\n\n\n<p class=\"p1\">Obrenov Stevan, 064\/400-81-05<\/p>\n\n\n\n<p class=\"p1\">\u0417\u043e\u0440\u0430\u043d \u041a\u043d\u0435\u0436\u0435\u0432\u0438\u045b, 063 59 69 79<\/p>\n\n\n\n<p><\/p>\n\n\n\n<p><strong><mark style=\"background-color:rgba(0, 0, 0, 0);color:#00d084\" class=\"has-inline-color has-vivid-green-cyan-color\">Sombor<\/mark><\/strong><\/p>\n\n\n\n<p class=\"p1\">Na\u0111 I\u0161tvan, 063 7007 797<\/p>\n\n\n\n<p class=\"p1\">Ivana Deli\u0107, 064\/2281433<\/p>\n\n\n\n<p><\/p>\n\n\n\n<p class=\"p1\"><strong><mark style=\"background-color:rgba(0, 0, 0, 0);color:#00d084\" class=\"has-inline-color has-vivid-green-cyan-color\">Plandi\u0161te<\/mark><\/strong><\/p>\n\n\n\n<p class=\"p1\">\u041b\u0443\u043a\u0438\u045b \u0414\u0430\u043d\u0438\u043b\u043e, 063\/8457004<\/p>\n\n\n\n<p><\/p>\n\n\n\n<p class=\"p1\"><strong><mark style=\"background-color:rgba(0, 0, 0, 0);color:#00d084\" class=\"has-inline-color has-vivid-green-cyan-color\">Zrenjanin<\/mark><\/strong><\/p>\n\n\n\n<p class=\"p1\">Branko Stojanovi\u0107, 063-535-449<\/p>\n\n\n\n<p class=\"p1\">\u0410\u043b\u0435\u043a\u0441\u0430\u043d\u0434\u0430\u0440 \u041f\u0435\u0458\u0438\u045b, 064\/0271959<\/p>\n\n\n\n<p class=\"p1\">Marija Priji\u0107, 064 1564206<\/p>\n\n\n\n<p><\/p>\n\n\n\n<p class=\"p1\"><strong><mark style=\"background-color:rgba(0, 0, 0, 0);color:#00d084\" class=\"has-inline-color has-vivid-green-cyan-color\">Ruma<\/mark><\/strong><\/p>\n\n\n\n<p class=\"p1\">Jefti\u0107 Milena, 064\/2296931<\/p>\n\n\n\n<p><\/p>\n\n\n\n<p class=\"p1\"><strong><mark style=\"background-color:rgba(0, 0, 0, 0);color:#00d084\" class=\"has-inline-color has-vivid-green-cyan-color\">Pan\u010devo<\/mark><\/strong><\/p>\n\n\n\n<p>\u0402\u043e\u0440\u0452\u0435 \u041f\u0430\u043f\u0443\u043b\u0438\u045b, 064 866 22 23<\/p>\n\n\n\n<p class=\"p1\">\u041c\u0438\u0440\u043e\u0441\u043b\u0430\u0432 \u041b\u0443\u043a\u0438\u045b, 063 255 276<\/p>\n\n\n\n<p><\/p>\n\n\n\n<p class=\"p1\"><strong><mark style=\"background-color:rgba(0, 0, 0, 0);color:#00d084\" class=\"has-inline-color has-vivid-green-cyan-color\">\u0160abac<\/mark><\/strong><\/p>\n\n\n\n<p class=\"p1\">Dejan I. Bo\u017ei\u0107, 063\/368-469<\/p>\n\n\n\n<p class=\"p1\">Isidora Bo\u017ei\u0107, 063\/7413-705<\/p>\n\n\n\n<p><\/p>\n\n\n\n<p class=\"p1\"><strong><mark style=\"background-color:rgba(0, 0, 0, 0);color:#00d084\" class=\"has-inline-color has-vivid-green-cyan-color\">\u010ca\u010dak<\/mark><\/strong><\/p>\n\n\n\n<p class=\"p1\">Ivana V. \u0106alovi\u0107, 065 5245 426<\/p>\n\n\n\n<p><\/p>\n\n\n\n<p class=\"p1\"><strong><mark style=\"background-color:rgba(0, 0, 0, 0);color:#00d084\" class=\"has-inline-color has-vivid-green-cyan-color\">Aran\u0111elovac<\/mark><\/strong><\/p>\n\n\n\n<p class=\"p1\">Ana Maksic, 691404808<\/p>\n\n\n\n<p><\/p>\n\n\n\n<p class=\"p1\"><strong><mark style=\"background-color:rgba(0, 0, 0, 0);color:#00d084\" class=\"has-inline-color has-vivid-green-cyan-color\">Obrenovac<\/mark><\/strong><\/p>\n\n\n\n<p class=\"p1\">Aleksandar Lazi\u0107, 063\/7760 671<\/p>\n\n\n\n<p><\/p>\n\n\n\n<p class=\"p1\">Ovi advokati su dostupni za konsultacije i zastupanje u vezi sa svim pravnim pitanjima koja proizlaze iz va\u0161eg u\u010de\u0161\u0107a u blokadama. Ne oklevajte da ih kontaktirate za podr\u0161ku i za\u0161titu va\u0161ih prava.<\/p>\n\n\n\n<p class=\"p1\"><strong>Inicijativa Proglas poziva i druge advokate da se uklju\u010de u advokatski tim za pro bono podr\u0161ku studentima<\/strong>. Mo\u017eete nam se javiti na: kontakt@proglas.co.rs.<\/p>\n\n\n\n<p class=\"p1\">Podse\u0107amo da podr\u0161ku obezbe\u0111uju i druge organizacije koje tako\u0111e mo\u017eete kontaktirati, kao \u0161to su organizovana grupa Svi\u0106e i Gra\u0111anske inicijative koje su u okviru svog mehanizma \u0160TIT otvorile telefonsku liniju za urgentnu podr\u0161ku: 069-192-192-0.<\/p>\n\n\n\n<p class=\"p1\">ProGlas stoji uz studente i u potpunosti podr\u017eava njihovu iskrenu borbu za odgovorno i pravedno dru\u0161tvo. <strong>Svaki napad na studente jeste napad na budu\u0107nost ove zemlje &#8211; budu\u0107nost koju moramo graditi \u010distim rukama.<\/strong><\/p>\n\n\n\n<figure class=\"wp-block-image size-large\"><img fetchpriority=\"high\" decoding=\"async\" width=\"1024\" height=\"576\" src=\"https:\/\/proglas.co.rs\/wp-content\/uploads\/2024\/12\/copy-of-copy-of-copy-of-tribina-2000-x-2000-px-1080-x-1350-px-4000-x-4000-px-1080-x-1350-px-facebook-post-square-1920-x-1080-px-1-1-1024x576.png\" alt=\"\" class=\"wp-image-10496\" srcset=\"https:\/\/proglas.co.rs\/wp-content\/uploads\/2024\/12\/copy-of-copy-of-copy-of-tribina-2000-x-2000-px-1080-x-1350-px-4000-x-4000-px-1080-x-1350-px-facebook-post-square-1920-x-1080-px-1-1-1024x576.png 1024w, https:\/\/proglas.co.rs\/wp-content\/uploads\/2024\/12\/copy-of-copy-of-copy-of-tribina-2000-x-2000-px-1080-x-1350-px-4000-x-4000-px-1080-x-1350-px-facebook-post-square-1920-x-1080-px-1-1-300x169.png 300w, https:\/\/proglas.co.rs\/wp-content\/uploads\/2024\/12\/copy-of-copy-of-copy-of-tribina-2000-x-2000-px-1080-x-1350-px-4000-x-4000-px-1080-x-1350-px-facebook-post-square-1920-x-1080-px-1-1-768x432.png 768w, https:\/\/proglas.co.rs\/wp-content\/uploads\/2024\/12\/copy-of-copy-of-copy-of-tribina-2000-x-2000-px-1080-x-1350-px-4000-x-4000-px-1080-x-1350-px-facebook-post-square-1920-x-1080-px-1-1-1536x864.png 1536w, https:\/\/proglas.co.rs\/wp-content\/uploads\/2024\/12\/copy-of-copy-of-copy-of-tribina-2000-x-2000-px-1080-x-1350-px-4000-x-4000-px-1080-x-1350-px-facebook-post-square-1920-x-1080-px-1-1-18x10.png 18w, https:\/\/proglas.co.rs\/wp-content\/uploads\/2024\/12\/copy-of-copy-of-copy-of-tribina-2000-x-2000-px-1080-x-1350-px-4000-x-4000-px-1080-x-1350-px-facebook-post-square-1920-x-1080-px-1-1.png 1920w\" sizes=\"(max-width: 1024px) 100vw, 1024px\" \/><\/figure>","protected":false},"excerpt":{"rendered":"<p>Obave\u0161tavamo studente koji u\u010destvuju u blokadama i suo\u010davaju se s pritiscima, uklju\u010duju\u0107i pozive na informativne razgovore, podno\u0161enje prekr\u0161ajnih i krivi\u010dnih prijava protiv njih, kao i pretnje i zastra\u0161ivanja, da im je dostupna besplatna pravna pomo\u0107. Inicijativi ProGlas javili su se advokati koji su spremni da pro bono pru\u017ee podr\u0161ku studentima. Za direktan kontakt i pravnu [&hellip;]<\/p>","protected":false},"author":1,"featured_media":10496,"comment_status":"closed","ping_status":"open","sticky":false,"template":"","format":"standard","meta":{"footnotes":""},"categories":[50],"tags":[],"class_list":["post-10497","post","type-post","status-publish","format-standard","has-post-thumbnail","hentry","category-terenske-akcije"],"yoast_head":"<!-- This site is optimized with the Yoast SEO plugin v26.9 - https:\/\/yoast.com\/product\/yoast-seo-wordpress\/ -->\n<title>Formiran advokatski tim za pro bono podr\u0161ku studentima - Proglas<\/title>\n<meta name=\"robots\" content=\"index, follow, max-snippet:-1, max-image-preview:large, max-video-preview:-1\" \/>\n<link rel=\"canonical\" href=\"https:\/\/proglas.co.rs\/en\/2024\/12\/26\/formiran-advokatski-tim-za-pro-bono-podrsku-studentima\/\" \/>\n<meta property=\"og:locale\" content=\"en_US\" \/>\n<meta property=\"og:type\" content=\"article\" \/>\n<meta property=\"og:title\" content=\"Formiran advokatski tim za pro bono podr\u0161ku studentima - Proglas\" \/>\n<meta property=\"og:description\" content=\"Obave\u0161tavamo studente koji u\u010destvuju u blokadama i suo\u010davaju se s pritiscima, uklju\u010duju\u0107i pozive na informativne razgovore, podno\u0161enje prekr\u0161ajnih i krivi\u010dnih prijava protiv njih, kao i pretnje i zastra\u0161ivanja, da im je dostupna besplatna pravna pomo\u0107. Inicijativi ProGlas javili su se advokati koji su spremni da pro bono pru\u017ee podr\u0161ku studentima. Za direktan kontakt i pravnu [&hellip;]\" \/>\n<meta property=\"og:url\" content=\"https:\/\/proglas.co.rs\/en\/2024\/12\/26\/formiran-advokatski-tim-za-pro-bono-podrsku-studentima\/\" \/>\n<meta property=\"og:site_name\" content=\"Proglas\" \/>\n<meta property=\"article:publisher\" content=\"https:\/\/www.facebook.com\/pro.glas.rs?mibextid=9R9pXO\" \/>\n<meta property=\"article:published_time\" content=\"2024-12-26T22:46:29+00:00\" \/>\n<meta property=\"article:modified_time\" content=\"2025-03-26T09:39:21+00:00\" \/>\n<meta property=\"og:image\" content=\"https:\/\/proglas.co.rs\/wp-content\/uploads\/2024\/12\/copy-of-copy-of-copy-of-tribina-2000-x-2000-px-1080-x-1350-px-4000-x-4000-px-1080-x-1350-px-facebook-post-square-1920-x-1080-px-1-1.png\" \/>\n\t<meta property=\"og:image:width\" content=\"1920\" \/>\n\t<meta property=\"og:image:height\" content=\"1080\" \/>\n\t<meta property=\"og:image:type\" content=\"image\/png\" \/>\n<meta name=\"author\" content=\"ivan\" \/>\n<meta name=\"twitter:card\" content=\"summary_large_image\" \/>\n<meta name=\"twitter:creator\" content=\"@pro_glas_rs\" \/>\n<meta name=\"twitter:site\" content=\"@pro_glas_rs\" \/>\n<meta name=\"twitter:label1\" content=\"Written by\" \/>\n\t<meta name=\"twitter:data1\" content=\"ivan\" \/>\n\t<meta name=\"twitter:label2\" content=\"Est. reading time\" \/>\n\t<meta name=\"twitter:data2\" content=\"4 minutes\" \/>\n<script type=\"application\/ld+json\" class=\"yoast-schema-graph\">{\"@context\":\"https:\/\/schema.org\",\"@graph\":[{\"@type\":\"Article\",\"@id\":\"https:\/\/proglas.co.rs\/2024\/12\/26\/formiran-advokatski-tim-za-pro-bono-podrsku-studentima\/#article\",\"isPartOf\":{\"@id\":\"https:\/\/proglas.co.rs\/2024\/12\/26\/formiran-advokatski-tim-za-pro-bono-podrsku-studentima\/\"},\"author\":{\"name\":\"ivan\",\"@id\":\"https:\/\/proglas.co.rs\/#\/schema\/person\/454618ec33c1de7c8c18b296dabc5281\"},\"headline\":\"Formiran advokatski tim za pro bono podr\u0161ku studentima\",\"datePublished\":\"2024-12-26T22:46:29+00:00\",\"dateModified\":\"2025-03-26T09:39:21+00:00\",\"mainEntityOfPage\":{\"@id\":\"https:\/\/proglas.co.rs\/2024\/12\/26\/formiran-advokatski-tim-za-pro-bono-podrsku-studentima\/\"},\"wordCount\":607,\"publisher\":{\"@id\":\"https:\/\/proglas.co.rs\/#organization\"},\"image\":{\"@id\":\"https:\/\/proglas.co.rs\/2024\/12\/26\/formiran-advokatski-tim-za-pro-bono-podrsku-studentima\/#primaryimage\"},\"thumbnailUrl\":\"https:\/\/proglas.co.rs\/wp-content\/uploads\/2024\/12\/copy-of-copy-of-copy-of-tribina-2000-x-2000-px-1080-x-1350-px-4000-x-4000-px-1080-x-1350-px-facebook-post-square-1920-x-1080-px-1-1.png\",\"articleSection\":[\"ProGlas na terenu\"],\"inLanguage\":\"en-US\"},{\"@type\":\"WebPage\",\"@id\":\"https:\/\/proglas.co.rs\/2024\/12\/26\/formiran-advokatski-tim-za-pro-bono-podrsku-studentima\/\",\"url\":\"https:\/\/proglas.co.rs\/2024\/12\/26\/formiran-advokatski-tim-za-pro-bono-podrsku-studentima\/\",\"name\":\"Formiran advokatski tim za pro bono podr\u0161ku studentima - Proglas\",\"isPartOf\":{\"@id\":\"https:\/\/proglas.co.rs\/#website\"},\"primaryImageOfPage\":{\"@id\":\"https:\/\/proglas.co.rs\/2024\/12\/26\/formiran-advokatski-tim-za-pro-bono-podrsku-studentima\/#primaryimage\"},\"image\":{\"@id\":\"https:\/\/proglas.co.rs\/2024\/12\/26\/formiran-advokatski-tim-za-pro-bono-podrsku-studentima\/#primaryimage\"},\"thumbnailUrl\":\"https:\/\/proglas.co.rs\/wp-content\/uploads\/2024\/12\/copy-of-copy-of-copy-of-tribina-2000-x-2000-px-1080-x-1350-px-4000-x-4000-px-1080-x-1350-px-facebook-post-square-1920-x-1080-px-1-1.png\",\"datePublished\":\"2024-12-26T22:46:29+00:00\",\"dateModified\":\"2025-03-26T09:39:21+00:00\",\"breadcrumb\":{\"@id\":\"https:\/\/proglas.co.rs\/2024\/12\/26\/formiran-advokatski-tim-za-pro-bono-podrsku-studentima\/#breadcrumb\"},\"inLanguage\":\"en-US\",\"potentialAction\":[{\"@type\":\"ReadAction\",\"target\":[\"https:\/\/proglas.co.rs\/2024\/12\/26\/formiran-advokatski-tim-za-pro-bono-podrsku-studentima\/\"]}]},{\"@type\":\"ImageObject\",\"inLanguage\":\"en-US\",\"@id\":\"https:\/\/proglas.co.rs\/2024\/12\/26\/formiran-advokatski-tim-za-pro-bono-podrsku-studentima\/#primaryimage\",\"url\":\"https:\/\/proglas.co.rs\/wp-content\/uploads\/2024\/12\/copy-of-copy-of-copy-of-tribina-2000-x-2000-px-1080-x-1350-px-4000-x-4000-px-1080-x-1350-px-facebook-post-square-1920-x-1080-px-1-1.png\",\"contentUrl\":\"https:\/\/proglas.co.rs\/wp-content\/uploads\/2024\/12\/copy-of-copy-of-copy-of-tribina-2000-x-2000-px-1080-x-1350-px-4000-x-4000-px-1080-x-1350-px-facebook-post-square-1920-x-1080-px-1-1.png\",\"width\":1920,\"height\":1080},{\"@type\":\"BreadcrumbList\",\"@id\":\"https:\/\/proglas.co.rs\/2024\/12\/26\/formiran-advokatski-tim-za-pro-bono-podrsku-studentima\/#breadcrumb\",\"itemListElement\":[{\"@type\":\"ListItem\",\"position\":1,\"name\":\"Po\u010detna\",\"item\":\"https:\/\/proglas.co.rs\/\"},{\"@type\":\"ListItem\",\"position\":2,\"name\":\"Formiran advokatski tim za pro bono podr\u0161ku studentima\"}]},{\"@type\":\"WebSite\",\"@id\":\"https:\/\/proglas.co.rs\/#website\",\"url\":\"https:\/\/proglas.co.rs\/\",\"name\":\"Proglas\",\"description\":\"\",\"publisher\":{\"@id\":\"https:\/\/proglas.co.rs\/#organization\"},\"potentialAction\":[{\"@type\":\"SearchAction\",\"target\":{\"@type\":\"EntryPoint\",\"urlTemplate\":\"https:\/\/proglas.co.rs\/?s={search_term_string}\"},\"query-input\":{\"@type\":\"PropertyValueSpecification\",\"valueRequired\":true,\"valueName\":\"search_term_string\"}}],\"inLanguage\":\"en-US\"},{\"@type\":\"Organization\",\"@id\":\"https:\/\/proglas.co.rs\/#organization\",\"name\":\"Proglas\",\"url\":\"https:\/\/proglas.co.rs\/\",\"logo\":{\"@type\":\"ImageObject\",\"inLanguage\":\"en-US\",\"@id\":\"https:\/\/proglas.co.rs\/#\/schema\/logo\/image\/\",\"url\":\"https:\/\/proglas.co.rs\/wp-content\/uploads\/2024\/03\/prolgas-logo-png.webp\",\"contentUrl\":\"https:\/\/proglas.co.rs\/wp-content\/uploads\/2024\/03\/prolgas-logo-png.webp\",\"width\":388,\"height\":110,\"caption\":\"Proglas\"},\"image\":{\"@id\":\"https:\/\/proglas.co.rs\/#\/schema\/logo\/image\/\"},\"sameAs\":[\"https:\/\/www.facebook.com\/pro.glas.rs?mibextid=9R9pXO\",\"https:\/\/x.com\/pro_glas_rs\",\"https:\/\/www.tiktok.com\/@pro_glas_rs?_t=8hC7kX6SLDi&_r=1\",\"https:\/\/www.youtube.com\/@pro_glas_rs\/\",\"https:\/\/instagram.com\/pro_glas_rs?igshid=djcxcGp2emdveDBm\"]},{\"@type\":\"Person\",\"@id\":\"https:\/\/proglas.co.rs\/#\/schema\/person\/454618ec33c1de7c8c18b296dabc5281\",\"name\":\"ivan\",\"image\":{\"@type\":\"ImageObject\",\"inLanguage\":\"en-US\",\"@id\":\"https:\/\/proglas.co.rs\/#\/schema\/person\/image\/\",\"url\":\"https:\/\/secure.gravatar.com\/avatar\/c5b711be48a7abbdb3220ab9c70f2cd8133b44966da566aff509bddb351be5fc?s=96&d=mm&r=g\",\"contentUrl\":\"https:\/\/secure.gravatar.com\/avatar\/c5b711be48a7abbdb3220ab9c70f2cd8133b44966da566aff509bddb351be5fc?s=96&d=mm&r=g\",\"caption\":\"ivan\"},\"sameAs\":[\"https:\/\/pg.swipeup.rs\"],\"url\":\"https:\/\/proglas.co.rs\/en\/author\/ivan\/\"}]}<\/script>\n<!-- \/ Yoast SEO plugin. -->","yoast_head_json":{"title":"Formiran advokatski tim za pro bono podr\u0161ku studentima - Proglas","robots":{"index":"index","follow":"follow","max-snippet":"max-snippet:-1","max-image-preview":"max-image-preview:large","max-video-preview":"max-video-preview:-1"},"canonical":"https:\/\/proglas.co.rs\/en\/2024\/12\/26\/formiran-advokatski-tim-za-pro-bono-podrsku-studentima\/","og_locale":"en_US","og_type":"article","og_title":"Formiran advokatski tim za pro bono podr\u0161ku studentima - Proglas","og_description":"Obave\u0161tavamo studente koji u\u010destvuju u blokadama i suo\u010davaju se s pritiscima, uklju\u010duju\u0107i pozive na informativne razgovore, podno\u0161enje prekr\u0161ajnih i krivi\u010dnih prijava protiv njih, kao i pretnje i zastra\u0161ivanja, da im je dostupna besplatna pravna pomo\u0107. Inicijativi ProGlas javili su se advokati koji su spremni da pro bono pru\u017ee podr\u0161ku studentima. Za direktan kontakt i pravnu [&hellip;]","og_url":"https:\/\/proglas.co.rs\/en\/2024\/12\/26\/formiran-advokatski-tim-za-pro-bono-podrsku-studentima\/","og_site_name":"Proglas","article_publisher":"https:\/\/www.facebook.com\/pro.glas.rs?mibextid=9R9pXO","article_published_time":"2024-12-26T22:46:29+00:00","article_modified_time":"2025-03-26T09:39:21+00:00","og_image":[{"width":1920,"height":1080,"url":"https:\/\/proglas.co.rs\/wp-content\/uploads\/2024\/12\/copy-of-copy-of-copy-of-tribina-2000-x-2000-px-1080-x-1350-px-4000-x-4000-px-1080-x-1350-px-facebook-post-square-1920-x-1080-px-1-1.png","type":"image\/png"}],"author":"ivan","twitter_card":"summary_large_image","twitter_creator":"@pro_glas_rs","twitter_site":"@pro_glas_rs","twitter_misc":{"Written by":"ivan","Est. reading time":"4 minutes"},"schema":{"@context":"https:\/\/schema.org","@graph":[{"@type":"Article","@id":"https:\/\/proglas.co.rs\/2024\/12\/26\/formiran-advokatski-tim-za-pro-bono-podrsku-studentima\/#article","isPartOf":{"@id":"https:\/\/proglas.co.rs\/2024\/12\/26\/formiran-advokatski-tim-za-pro-bono-podrsku-studentima\/"},"author":{"name":"ivan","@id":"https:\/\/proglas.co.rs\/#\/schema\/person\/454618ec33c1de7c8c18b296dabc5281"},"headline":"Formiran advokatski tim za pro bono podr\u0161ku studentima","datePublished":"2024-12-26T22:46:29+00:00","dateModified":"2025-03-26T09:39:21+00:00","mainEntityOfPage":{"@id":"https:\/\/proglas.co.rs\/2024\/12\/26\/formiran-advokatski-tim-za-pro-bono-podrsku-studentima\/"},"wordCount":607,"publisher":{"@id":"https:\/\/proglas.co.rs\/#organization"},"image":{"@id":"https:\/\/proglas.co.rs\/2024\/12\/26\/formiran-advokatski-tim-za-pro-bono-podrsku-studentima\/#primaryimage"},"thumbnailUrl":"https:\/\/proglas.co.rs\/wp-content\/uploads\/2024\/12\/copy-of-copy-of-copy-of-tribina-2000-x-2000-px-1080-x-1350-px-4000-x-4000-px-1080-x-1350-px-facebook-post-square-1920-x-1080-px-1-1.png","articleSection":["ProGlas na terenu"],"inLanguage":"en-US"},{"@type":"WebPage","@id":"https:\/\/proglas.co.rs\/2024\/12\/26\/formiran-advokatski-tim-za-pro-bono-podrsku-studentima\/","url":"https:\/\/proglas.co.rs\/2024\/12\/26\/formiran-advokatski-tim-za-pro-bono-podrsku-studentima\/","name":"Formiran advokatski tim za pro bono podr\u0161ku studentima - Proglas","isPartOf":{"@id":"https:\/\/proglas.co.rs\/#website"},"primaryImageOfPage":{"@id":"https:\/\/proglas.co.rs\/2024\/12\/26\/formiran-advokatski-tim-za-pro-bono-podrsku-studentima\/#primaryimage"},"image":{"@id":"https:\/\/proglas.co.rs\/2024\/12\/26\/formiran-advokatski-tim-za-pro-bono-podrsku-studentima\/#primaryimage"},"thumbnailUrl":"https:\/\/proglas.co.rs\/wp-content\/uploads\/2024\/12\/copy-of-copy-of-copy-of-tribina-2000-x-2000-px-1080-x-1350-px-4000-x-4000-px-1080-x-1350-px-facebook-post-square-1920-x-1080-px-1-1.png","datePublished":"2024-12-26T22:46:29+00:00","dateModified":"2025-03-26T09:39:21+00:00","breadcrumb":{"@id":"https:\/\/proglas.co.rs\/2024\/12\/26\/formiran-advokatski-tim-za-pro-bono-podrsku-studentima\/#breadcrumb"},"inLanguage":"en-US","potentialAction":[{"@type":"ReadAction","target":["https:\/\/proglas.co.rs\/2024\/12\/26\/formiran-advokatski-tim-za-pro-bono-podrsku-studentima\/"]}]},{"@type":"ImageObject","inLanguage":"en-US","@id":"https:\/\/proglas.co.rs\/2024\/12\/26\/formiran-advokatski-tim-za-pro-bono-podrsku-studentima\/#primaryimage","url":"https:\/\/proglas.co.rs\/wp-content\/uploads\/2024\/12\/copy-of-copy-of-copy-of-tribina-2000-x-2000-px-1080-x-1350-px-4000-x-4000-px-1080-x-1350-px-facebook-post-square-1920-x-1080-px-1-1.png","contentUrl":"https:\/\/proglas.co.rs\/wp-content\/uploads\/2024\/12\/copy-of-copy-of-copy-of-tribina-2000-x-2000-px-1080-x-1350-px-4000-x-4000-px-1080-x-1350-px-facebook-post-square-1920-x-1080-px-1-1.png","width":1920,"height":1080},{"@type":"BreadcrumbList","@id":"https:\/\/proglas.co.rs\/2024\/12\/26\/formiran-advokatski-tim-za-pro-bono-podrsku-studentima\/#breadcrumb","itemListElement":[{"@type":"ListItem","position":1,"name":"Po\u010detna","item":"https:\/\/proglas.co.rs\/"},{"@type":"ListItem","position":2,"name":"Formiran advokatski tim za pro bono podr\u0161ku studentima"}]},{"@type":"WebSite","@id":"https:\/\/proglas.co.rs\/#website","url":"https:\/\/proglas.co.rs\/","name":"Proglas","description":"","publisher":{"@id":"https:\/\/proglas.co.rs\/#organization"},"potentialAction":[{"@type":"SearchAction","target":{"@type":"EntryPoint","urlTemplate":"https:\/\/proglas.co.rs\/?s={search_term_string}"},"query-input":{"@type":"PropertyValueSpecification","valueRequired":true,"valueName":"search_term_string"}}],"inLanguage":"en-US"},{"@type":"Organization","@id":"https:\/\/proglas.co.rs\/#organization","name":"Proglas","url":"https:\/\/proglas.co.rs\/","logo":{"@type":"ImageObject","inLanguage":"en-US","@id":"https:\/\/proglas.co.rs\/#\/schema\/logo\/image\/","url":"https:\/\/proglas.co.rs\/wp-content\/uploads\/2024\/03\/prolgas-logo-png.webp","contentUrl":"https:\/\/proglas.co.rs\/wp-content\/uploads\/2024\/03\/prolgas-logo-png.webp","width":388,"height":110,"caption":"Proglas"},"image":{"@id":"https:\/\/proglas.co.rs\/#\/schema\/logo\/image\/"},"sameAs":["https:\/\/www.facebook.com\/pro.glas.rs?mibextid=9R9pXO","https:\/\/x.com\/pro_glas_rs","https:\/\/www.tiktok.com\/@pro_glas_rs?_t=8hC7kX6SLDi&_r=1","https:\/\/www.youtube.com\/@pro_glas_rs\/","https:\/\/instagram.com\/pro_glas_rs?igshid=djcxcGp2emdveDBm"]},{"@type":"Person","@id":"https:\/\/proglas.co.rs\/#\/schema\/person\/454618ec33c1de7c8c18b296dabc5281","name":"ivan","image":{"@type":"ImageObject","inLanguage":"en-US","@id":"https:\/\/proglas.co.rs\/#\/schema\/person\/image\/","url":"https:\/\/secure.gravatar.com\/avatar\/c5b711be48a7abbdb3220ab9c70f2cd8133b44966da566aff509bddb351be5fc?s=96&d=mm&r=g","contentUrl":"https:\/\/secure.gravatar.com\/avatar\/c5b711be48a7abbdb3220ab9c70f2cd8133b44966da566aff509bddb351be5fc?s=96&d=mm&r=g","caption":"ivan"},"sameAs":["https:\/\/pg.swipeup.rs"],"url":"https:\/\/proglas.co.rs\/en\/author\/ivan\/"}]}},"_links":{"self":[{"href":"https:\/\/proglas.co.rs\/en\/wp-json\/wp\/v2\/posts\/10497","targetHints":{"allow":["GET"]}}],"collection":[{"href":"https:\/\/proglas.co.rs\/en\/wp-json\/wp\/v2\/posts"}],"about":[{"href":"https:\/\/proglas.co.rs\/en\/wp-json\/wp\/v2\/types\/post"}],"author":[{"embeddable":true,"href":"https:\/\/proglas.co.rs\/en\/wp-json\/wp\/v2\/users\/1"}],"replies":[{"embeddable":true,"href":"https:\/\/proglas.co.rs\/en\/wp-json\/wp\/v2\/comments?post=10497"}],"version-history":[{"count":14,"href":"https:\/\/proglas.co.rs\/en\/wp-json\/wp\/v2\/posts\/10497\/revisions"}],"predecessor-version":[{"id":10789,"href":"https:\/\/proglas.co.rs\/en\/wp-json\/wp\/v2\/posts\/10497\/revisions\/10789"}],"wp:featuredmedia":[{"embeddable":true,"href":"https:\/\/proglas.co.rs\/en\/wp-json\/wp\/v2\/media\/10496"}],"wp:attachment":[{"href":"https:\/\/proglas.co.rs\/en\/wp-json\/wp\/v2\/media?parent=10497"}],"wp:term":[{"taxonomy":"category","embeddable":true,"href":"https:\/\/proglas.co.rs\/en\/wp-json\/wp\/v2\/categories?post=10497"},{"taxonomy":"post_tag","embeddable":true,"href":"https:\/\/proglas.co.rs\/en\/wp-json\/wp\/v2\/tags?post=10497"}],"curies":[{"name":"wp","href":"https:\/\/api.w.org\/{rel}","templated":true}]}}