{"id":10547,"date":"2025-01-16T18:32:00","date_gmt":"2025-01-16T17:32:00","guid":{"rendered":"https:\/\/proglas.co.rs\/?p=10547"},"modified":"2025-01-17T18:32:38","modified_gmt":"2025-01-17T17:32:38","slug":"tamara-dzamonja-ignjatovic-studenti-su-odlucni-u-svojoj-odluci-da-istraju-jer-resavaju-svoju-buducnost","status":"publish","type":"post","link":"https:\/\/proglas.co.rs\/en\/2025\/01\/16\/tamara-dzamonja-ignjatovic-studenti-su-odlucni-u-svojoj-odluci-da-istraju-jer-resavaju-svoju-buducnost\/","title":{"rendered":"Tamara D\u017eamonja Ignjatovi\u0107: Studenti su odlu\u010dni u svojoj odluci da istraju jer re\u0161avaju svoju budu\u0107nost"},"content":{"rendered":"<figure class=\"wp-block-image size-large\"><img fetchpriority=\"high\" decoding=\"async\" width=\"1024\" height=\"586\" src=\"https:\/\/proglas.co.rs\/wp-content\/uploads\/2025\/01\/img_4293-1-1024x586.jpg\" class=\"wp-image-10546\" srcset=\"https:\/\/proglas.co.rs\/wp-content\/uploads\/2025\/01\/img_4293-1-1024x586.jpg 1024w, https:\/\/proglas.co.rs\/wp-content\/uploads\/2025\/01\/img_4293-1-300x172.jpg 300w, https:\/\/proglas.co.rs\/wp-content\/uploads\/2025\/01\/img_4293-1-768x439.jpg 768w, https:\/\/proglas.co.rs\/wp-content\/uploads\/2025\/01\/img_4293-1-1536x879.jpg 1536w, https:\/\/proglas.co.rs\/wp-content\/uploads\/2025\/01\/img_4293-1-18x10.jpg 18w, https:\/\/proglas.co.rs\/wp-content\/uploads\/2025\/01\/img_4293-1.jpg 2000w\" sizes=\"(max-width: 1024px) 100vw, 1024px\" \/><\/figure>\n\n\n\n<p><strong>Ne prestaju poku\u0161aji diskreditacije studentskog bunta i to je \u010dinjenica. Ne prestaju pobunjeni studenti da odgovaraju na to, svojim masovnim akcijama &#8211; i to je \u010dinjenica. Ne prestaje ni podr\u0161ka, ni politi\u010dko spinovanje &#8211; dok dru\u0161tvo, kao da stoji u \u017eivom blatu, tone sve dublje u krizu. O svemu tome \u0161to se trenutno de\u0161ava, govorila je za TV Novu Tamara D\u017eamonja Ignjatovi\u0107, profesorkom psihologije na Filozofskom fakultetu i jedna od inicijatora ProGlasa.<\/strong><\/p>\n\n\n\n<p>Profesorka ka\u017ee da su studenti postavili konkretne zahteve i ne\u0107e odustati do njihovih ispunjenja i kao veoma zna\u010dajno isti\u010de to, \u0161to ih gra\u0111ani u ve\u0107ini podr\u017eavaju, \u0161to je potvrdilo i istra\u017eivanje CRTE.<\/p>\n\n\n\n<p>Govore\u0107i o na\u010dinu organizovanja protesta objasnila je da studenti imaju radne grupe, odluke se donose demokratski na plenumima, oni se dogovaraju, odlu\u010dni su, istrajni u tome, maksimalno su organizovani i, \u0161to je najva\u017enije, nezavisni.<\/p>\n\n\n\n<p>\u201eStudente nije lako upla\u0161iti niti uceniti, oni su posve\u0107eni, oni su odlu\u010dni u svojoj odluci da istraju jer re\u0161avaju svoju budu\u0107nost i prave dru\u0161tvo u kojem \u0107e \u017eiveti a koje treba da se zasniva na nekoj pravdi\u201c, ocenila je.<\/p>\n\n\n\n<p>\u201eOni zaista zastupaju neke najbazi\u010dnije vrednosti i na kraju krajeva zastupaju ono \u0161to i sam zakon ka\u017ee. Mo\u017eemo samo da budemo ponosni na njih, kako oni to rade, kako se pona\u0161aju i kako su u tome pristojni, pre svega. Tako izgledaju i kada nisu kamere upu\u0107ene ka njima. Dakle, oni se dogovaraju, oni su odlu\u010dni, istrajni u tome i stvarno maksimalno organizovani i, \u0161to najva\u017enije, nezavisni\u201c, smatra Tamara D\u017eamonja Ignjatovi\u0107.<\/p>\n\n\n\n<figure class=\"wp-block-embed is-type-video is-provider-youtube wp-block-embed-youtube wp-embed-aspect-16-9 wp-has-aspect-ratio\"><div class=\"wp-block-embed__wrapper\">\n<iframe title=\"Tamara D\u017eamonja Ignjatovi\u0107 o profesorskoj za\u0161titi studenata\" width=\"640\" height=\"360\" src=\"https:\/\/www.youtube.com\/embed\/Uluu13-aRvM?feature=oembed\" frameborder=\"0\" allow=\"accelerometer; autoplay; clipboard-write; encrypted-media; gyroscope; picture-in-picture; web-share\" referrerpolicy=\"strict-origin-when-cross-origin\" allowfullscreen><\/iframe>\n<\/div><\/figure>\n\n\n\n<p><em>Izvor: Nova<\/em><\/p>","protected":false},"excerpt":{"rendered":"<p>Ne prestaju poku\u0161aji diskreditacije studentskog bunta i to je \u010dinjenica. Ne prestaju pobunjeni studenti da odgovaraju na to, svojim masovnim akcijama &#8211; i to je \u010dinjenica. Ne prestaje ni podr\u0161ka, ni politi\u010dko spinovanje &#8211; dok dru\u0161tvo, kao da stoji u \u017eivom blatu, tone sve dublje u krizu. O svemu tome \u0161to se trenutno de\u0161ava, govorila [&hellip;]<\/p>","protected":false},"author":1,"featured_media":10546,"comment_status":"closed","ping_status":"open","sticky":false,"template":"","format":"standard","meta":{"footnotes":""},"categories":[1],"tags":[],"class_list":["post-10547","post","type-post","status-publish","format-standard","has-post-thumbnail","hentry","category-proglas-u-medijima"],"yoast_head":"<!-- This site is optimized with the Yoast SEO plugin v26.9 - https:\/\/yoast.com\/product\/yoast-seo-wordpress\/ -->\n<title>Tamara D\u017eamonja Ignjatovi\u0107: Studenti su odlu\u010dni u svojoj odluci da istraju jer re\u0161avaju svoju budu\u0107nost - Proglas<\/title>\n<meta name=\"robots\" content=\"index, follow, max-snippet:-1, max-image-preview:large, max-video-preview:-1\" \/>\n<link rel=\"canonical\" href=\"https:\/\/proglas.co.rs\/en\/2025\/01\/16\/tamara-dzamonja-ignjatovic-studenti-su-odlucni-u-svojoj-odluci-da-istraju-jer-resavaju-svoju-buducnost\/\" \/>\n<meta property=\"og:locale\" content=\"en_US\" \/>\n<meta property=\"og:type\" content=\"article\" \/>\n<meta property=\"og:title\" content=\"Tamara D\u017eamonja Ignjatovi\u0107: Studenti su odlu\u010dni u svojoj odluci da istraju jer re\u0161avaju svoju budu\u0107nost - Proglas\" \/>\n<meta property=\"og:description\" content=\"Ne prestaju poku\u0161aji diskreditacije studentskog bunta i to je \u010dinjenica. Ne prestaju pobunjeni studenti da odgovaraju na to, svojim masovnim akcijama &#8211; i to je \u010dinjenica. Ne prestaje ni podr\u0161ka, ni politi\u010dko spinovanje &#8211; dok dru\u0161tvo, kao da stoji u \u017eivom blatu, tone sve dublje u krizu. O svemu tome \u0161to se trenutno de\u0161ava, govorila [&hellip;]\" \/>\n<meta property=\"og:url\" content=\"https:\/\/proglas.co.rs\/en\/2025\/01\/16\/tamara-dzamonja-ignjatovic-studenti-su-odlucni-u-svojoj-odluci-da-istraju-jer-resavaju-svoju-buducnost\/\" \/>\n<meta property=\"og:site_name\" content=\"Proglas\" \/>\n<meta property=\"article:publisher\" content=\"https:\/\/www.facebook.com\/pro.glas.rs?mibextid=9R9pXO\" \/>\n<meta property=\"article:published_time\" content=\"2025-01-16T17:32:00+00:00\" \/>\n<meta property=\"article:modified_time\" content=\"2025-01-17T17:32:38+00:00\" \/>\n<meta property=\"og:image\" content=\"https:\/\/proglas.co.rs\/wp-content\/uploads\/2025\/01\/img_4293-1.jpg\" \/>\n\t<meta property=\"og:image:width\" content=\"2000\" \/>\n\t<meta property=\"og:image:height\" content=\"1144\" \/>\n\t<meta property=\"og:image:type\" content=\"image\/jpeg\" \/>\n<meta name=\"author\" content=\"ivan\" \/>\n<meta name=\"twitter:card\" content=\"summary_large_image\" \/>\n<meta name=\"twitter:creator\" content=\"@pro_glas_rs\" \/>\n<meta name=\"twitter:site\" content=\"@pro_glas_rs\" \/>\n<meta name=\"twitter:label1\" content=\"Written by\" \/>\n\t<meta name=\"twitter:data1\" content=\"ivan\" \/>\n\t<meta name=\"twitter:label2\" content=\"Est. reading time\" \/>\n\t<meta name=\"twitter:data2\" content=\"1 minute\" \/>\n<script type=\"application\/ld+json\" class=\"yoast-schema-graph\">{\"@context\":\"https:\/\/schema.org\",\"@graph\":[{\"@type\":\"Article\",\"@id\":\"https:\/\/proglas.co.rs\/2025\/01\/16\/tamara-dzamonja-ignjatovic-studenti-su-odlucni-u-svojoj-odluci-da-istraju-jer-resavaju-svoju-buducnost\/#article\",\"isPartOf\":{\"@id\":\"https:\/\/proglas.co.rs\/2025\/01\/16\/tamara-dzamonja-ignjatovic-studenti-su-odlucni-u-svojoj-odluci-da-istraju-jer-resavaju-svoju-buducnost\/\"},\"author\":{\"name\":\"ivan\",\"@id\":\"https:\/\/proglas.co.rs\/#\/schema\/person\/454618ec33c1de7c8c18b296dabc5281\"},\"headline\":\"Tamara D\u017eamonja Ignjatovi\u0107: Studenti su odlu\u010dni u svojoj odluci da istraju jer re\u0161avaju svoju budu\u0107nost\",\"datePublished\":\"2025-01-16T17:32:00+00:00\",\"dateModified\":\"2025-01-17T17:32:38+00:00\",\"mainEntityOfPage\":{\"@id\":\"https:\/\/proglas.co.rs\/2025\/01\/16\/tamara-dzamonja-ignjatovic-studenti-su-odlucni-u-svojoj-odluci-da-istraju-jer-resavaju-svoju-buducnost\/\"},\"wordCount\":310,\"publisher\":{\"@id\":\"https:\/\/proglas.co.rs\/#organization\"},\"image\":{\"@id\":\"https:\/\/proglas.co.rs\/2025\/01\/16\/tamara-dzamonja-ignjatovic-studenti-su-odlucni-u-svojoj-odluci-da-istraju-jer-resavaju-svoju-buducnost\/#primaryimage\"},\"thumbnailUrl\":\"https:\/\/proglas.co.rs\/wp-content\/uploads\/2025\/01\/img_4293-1.jpg\",\"articleSection\":[\"ProGlas u medijima\"],\"inLanguage\":\"en-US\"},{\"@type\":\"WebPage\",\"@id\":\"https:\/\/proglas.co.rs\/2025\/01\/16\/tamara-dzamonja-ignjatovic-studenti-su-odlucni-u-svojoj-odluci-da-istraju-jer-resavaju-svoju-buducnost\/\",\"url\":\"https:\/\/proglas.co.rs\/2025\/01\/16\/tamara-dzamonja-ignjatovic-studenti-su-odlucni-u-svojoj-odluci-da-istraju-jer-resavaju-svoju-buducnost\/\",\"name\":\"Tamara D\u017eamonja Ignjatovi\u0107: Studenti su odlu\u010dni u svojoj odluci da istraju jer re\u0161avaju svoju budu\u0107nost - Proglas\",\"isPartOf\":{\"@id\":\"https:\/\/proglas.co.rs\/#website\"},\"primaryImageOfPage\":{\"@id\":\"https:\/\/proglas.co.rs\/2025\/01\/16\/tamara-dzamonja-ignjatovic-studenti-su-odlucni-u-svojoj-odluci-da-istraju-jer-resavaju-svoju-buducnost\/#primaryimage\"},\"image\":{\"@id\":\"https:\/\/proglas.co.rs\/2025\/01\/16\/tamara-dzamonja-ignjatovic-studenti-su-odlucni-u-svojoj-odluci-da-istraju-jer-resavaju-svoju-buducnost\/#primaryimage\"},\"thumbnailUrl\":\"https:\/\/proglas.co.rs\/wp-content\/uploads\/2025\/01\/img_4293-1.jpg\",\"datePublished\":\"2025-01-16T17:32:00+00:00\",\"dateModified\":\"2025-01-17T17:32:38+00:00\",\"breadcrumb\":{\"@id\":\"https:\/\/proglas.co.rs\/2025\/01\/16\/tamara-dzamonja-ignjatovic-studenti-su-odlucni-u-svojoj-odluci-da-istraju-jer-resavaju-svoju-buducnost\/#breadcrumb\"},\"inLanguage\":\"en-US\",\"potentialAction\":[{\"@type\":\"ReadAction\",\"target\":[\"https:\/\/proglas.co.rs\/2025\/01\/16\/tamara-dzamonja-ignjatovic-studenti-su-odlucni-u-svojoj-odluci-da-istraju-jer-resavaju-svoju-buducnost\/\"]}]},{\"@type\":\"ImageObject\",\"inLanguage\":\"en-US\",\"@id\":\"https:\/\/proglas.co.rs\/2025\/01\/16\/tamara-dzamonja-ignjatovic-studenti-su-odlucni-u-svojoj-odluci-da-istraju-jer-resavaju-svoju-buducnost\/#primaryimage\",\"url\":\"https:\/\/proglas.co.rs\/wp-content\/uploads\/2025\/01\/img_4293-1.jpg\",\"contentUrl\":\"https:\/\/proglas.co.rs\/wp-content\/uploads\/2025\/01\/img_4293-1.jpg\",\"width\":2000,\"height\":1144},{\"@type\":\"BreadcrumbList\",\"@id\":\"https:\/\/proglas.co.rs\/2025\/01\/16\/tamara-dzamonja-ignjatovic-studenti-su-odlucni-u-svojoj-odluci-da-istraju-jer-resavaju-svoju-buducnost\/#breadcrumb\",\"itemListElement\":[{\"@type\":\"ListItem\",\"position\":1,\"name\":\"Po\u010detna\",\"item\":\"https:\/\/proglas.co.rs\/\"},{\"@type\":\"ListItem\",\"position\":2,\"name\":\"Tamara D\u017eamonja Ignjatovi\u0107: Studenti su odlu\u010dni u svojoj odluci da istraju jer re\u0161avaju svoju budu\u0107nost\"}]},{\"@type\":\"WebSite\",\"@id\":\"https:\/\/proglas.co.rs\/#website\",\"url\":\"https:\/\/proglas.co.rs\/\",\"name\":\"Proglas\",\"description\":\"\",\"publisher\":{\"@id\":\"https:\/\/proglas.co.rs\/#organization\"},\"potentialAction\":[{\"@type\":\"SearchAction\",\"target\":{\"@type\":\"EntryPoint\",\"urlTemplate\":\"https:\/\/proglas.co.rs\/?s={search_term_string}\"},\"query-input\":{\"@type\":\"PropertyValueSpecification\",\"valueRequired\":true,\"valueName\":\"search_term_string\"}}],\"inLanguage\":\"en-US\"},{\"@type\":\"Organization\",\"@id\":\"https:\/\/proglas.co.rs\/#organization\",\"name\":\"Proglas\",\"url\":\"https:\/\/proglas.co.rs\/\",\"logo\":{\"@type\":\"ImageObject\",\"inLanguage\":\"en-US\",\"@id\":\"https:\/\/proglas.co.rs\/#\/schema\/logo\/image\/\",\"url\":\"https:\/\/proglas.co.rs\/wp-content\/uploads\/2024\/03\/prolgas-logo-png.webp\",\"contentUrl\":\"https:\/\/proglas.co.rs\/wp-content\/uploads\/2024\/03\/prolgas-logo-png.webp\",\"width\":388,\"height\":110,\"caption\":\"Proglas\"},\"image\":{\"@id\":\"https:\/\/proglas.co.rs\/#\/schema\/logo\/image\/\"},\"sameAs\":[\"https:\/\/www.facebook.com\/pro.glas.rs?mibextid=9R9pXO\",\"https:\/\/x.com\/pro_glas_rs\",\"https:\/\/www.tiktok.com\/@pro_glas_rs?_t=8hC7kX6SLDi&_r=1\",\"https:\/\/www.youtube.com\/@pro_glas_rs\/\",\"https:\/\/instagram.com\/pro_glas_rs?igshid=djcxcGp2emdveDBm\"]},{\"@type\":\"Person\",\"@id\":\"https:\/\/proglas.co.rs\/#\/schema\/person\/454618ec33c1de7c8c18b296dabc5281\",\"name\":\"ivan\",\"image\":{\"@type\":\"ImageObject\",\"inLanguage\":\"en-US\",\"@id\":\"https:\/\/proglas.co.rs\/#\/schema\/person\/image\/\",\"url\":\"https:\/\/secure.gravatar.com\/avatar\/c5b711be48a7abbdb3220ab9c70f2cd8133b44966da566aff509bddb351be5fc?s=96&d=mm&r=g\",\"contentUrl\":\"https:\/\/secure.gravatar.com\/avatar\/c5b711be48a7abbdb3220ab9c70f2cd8133b44966da566aff509bddb351be5fc?s=96&d=mm&r=g\",\"caption\":\"ivan\"},\"sameAs\":[\"https:\/\/pg.swipeup.rs\"],\"url\":\"https:\/\/proglas.co.rs\/en\/author\/ivan\/\"}]}<\/script>\n<!-- \/ Yoast SEO plugin. -->","yoast_head_json":{"title":"Tamara D\u017eamonja Ignjatovi\u0107: Studenti su odlu\u010dni u svojoj odluci da istraju jer re\u0161avaju svoju budu\u0107nost - Proglas","robots":{"index":"index","follow":"follow","max-snippet":"max-snippet:-1","max-image-preview":"max-image-preview:large","max-video-preview":"max-video-preview:-1"},"canonical":"https:\/\/proglas.co.rs\/en\/2025\/01\/16\/tamara-dzamonja-ignjatovic-studenti-su-odlucni-u-svojoj-odluci-da-istraju-jer-resavaju-svoju-buducnost\/","og_locale":"en_US","og_type":"article","og_title":"Tamara D\u017eamonja Ignjatovi\u0107: Studenti su odlu\u010dni u svojoj odluci da istraju jer re\u0161avaju svoju budu\u0107nost - Proglas","og_description":"Ne prestaju poku\u0161aji diskreditacije studentskog bunta i to je \u010dinjenica. Ne prestaju pobunjeni studenti da odgovaraju na to, svojim masovnim akcijama &#8211; i to je \u010dinjenica. Ne prestaje ni podr\u0161ka, ni politi\u010dko spinovanje &#8211; dok dru\u0161tvo, kao da stoji u \u017eivom blatu, tone sve dublje u krizu. O svemu tome \u0161to se trenutno de\u0161ava, govorila [&hellip;]","og_url":"https:\/\/proglas.co.rs\/en\/2025\/01\/16\/tamara-dzamonja-ignjatovic-studenti-su-odlucni-u-svojoj-odluci-da-istraju-jer-resavaju-svoju-buducnost\/","og_site_name":"Proglas","article_publisher":"https:\/\/www.facebook.com\/pro.glas.rs?mibextid=9R9pXO","article_published_time":"2025-01-16T17:32:00+00:00","article_modified_time":"2025-01-17T17:32:38+00:00","og_image":[{"width":2000,"height":1144,"url":"https:\/\/proglas.co.rs\/wp-content\/uploads\/2025\/01\/img_4293-1.jpg","type":"image\/jpeg"}],"author":"ivan","twitter_card":"summary_large_image","twitter_creator":"@pro_glas_rs","twitter_site":"@pro_glas_rs","twitter_misc":{"Written by":"ivan","Est. reading time":"1 minute"},"schema":{"@context":"https:\/\/schema.org","@graph":[{"@type":"Article","@id":"https:\/\/proglas.co.rs\/2025\/01\/16\/tamara-dzamonja-ignjatovic-studenti-su-odlucni-u-svojoj-odluci-da-istraju-jer-resavaju-svoju-buducnost\/#article","isPartOf":{"@id":"https:\/\/proglas.co.rs\/2025\/01\/16\/tamara-dzamonja-ignjatovic-studenti-su-odlucni-u-svojoj-odluci-da-istraju-jer-resavaju-svoju-buducnost\/"},"author":{"name":"ivan","@id":"https:\/\/proglas.co.rs\/#\/schema\/person\/454618ec33c1de7c8c18b296dabc5281"},"headline":"Tamara D\u017eamonja Ignjatovi\u0107: Studenti su odlu\u010dni u svojoj odluci da istraju jer re\u0161avaju svoju budu\u0107nost","datePublished":"2025-01-16T17:32:00+00:00","dateModified":"2025-01-17T17:32:38+00:00","mainEntityOfPage":{"@id":"https:\/\/proglas.co.rs\/2025\/01\/16\/tamara-dzamonja-ignjatovic-studenti-su-odlucni-u-svojoj-odluci-da-istraju-jer-resavaju-svoju-buducnost\/"},"wordCount":310,"publisher":{"@id":"https:\/\/proglas.co.rs\/#organization"},"image":{"@id":"https:\/\/proglas.co.rs\/2025\/01\/16\/tamara-dzamonja-ignjatovic-studenti-su-odlucni-u-svojoj-odluci-da-istraju-jer-resavaju-svoju-buducnost\/#primaryimage"},"thumbnailUrl":"https:\/\/proglas.co.rs\/wp-content\/uploads\/2025\/01\/img_4293-1.jpg","articleSection":["ProGlas u medijima"],"inLanguage":"en-US"},{"@type":"WebPage","@id":"https:\/\/proglas.co.rs\/2025\/01\/16\/tamara-dzamonja-ignjatovic-studenti-su-odlucni-u-svojoj-odluci-da-istraju-jer-resavaju-svoju-buducnost\/","url":"https:\/\/proglas.co.rs\/2025\/01\/16\/tamara-dzamonja-ignjatovic-studenti-su-odlucni-u-svojoj-odluci-da-istraju-jer-resavaju-svoju-buducnost\/","name":"Tamara D\u017eamonja Ignjatovi\u0107: Studenti su odlu\u010dni u svojoj odluci da istraju jer re\u0161avaju svoju budu\u0107nost - Proglas","isPartOf":{"@id":"https:\/\/proglas.co.rs\/#website"},"primaryImageOfPage":{"@id":"https:\/\/proglas.co.rs\/2025\/01\/16\/tamara-dzamonja-ignjatovic-studenti-su-odlucni-u-svojoj-odluci-da-istraju-jer-resavaju-svoju-buducnost\/#primaryimage"},"image":{"@id":"https:\/\/proglas.co.rs\/2025\/01\/16\/tamara-dzamonja-ignjatovic-studenti-su-odlucni-u-svojoj-odluci-da-istraju-jer-resavaju-svoju-buducnost\/#primaryimage"},"thumbnailUrl":"https:\/\/proglas.co.rs\/wp-content\/uploads\/2025\/01\/img_4293-1.jpg","datePublished":"2025-01-16T17:32:00+00:00","dateModified":"2025-01-17T17:32:38+00:00","breadcrumb":{"@id":"https:\/\/proglas.co.rs\/2025\/01\/16\/tamara-dzamonja-ignjatovic-studenti-su-odlucni-u-svojoj-odluci-da-istraju-jer-resavaju-svoju-buducnost\/#breadcrumb"},"inLanguage":"en-US","potentialAction":[{"@type":"ReadAction","target":["https:\/\/proglas.co.rs\/2025\/01\/16\/tamara-dzamonja-ignjatovic-studenti-su-odlucni-u-svojoj-odluci-da-istraju-jer-resavaju-svoju-buducnost\/"]}]},{"@type":"ImageObject","inLanguage":"en-US","@id":"https:\/\/proglas.co.rs\/2025\/01\/16\/tamara-dzamonja-ignjatovic-studenti-su-odlucni-u-svojoj-odluci-da-istraju-jer-resavaju-svoju-buducnost\/#primaryimage","url":"https:\/\/proglas.co.rs\/wp-content\/uploads\/2025\/01\/img_4293-1.jpg","contentUrl":"https:\/\/proglas.co.rs\/wp-content\/uploads\/2025\/01\/img_4293-1.jpg","width":2000,"height":1144},{"@type":"BreadcrumbList","@id":"https:\/\/proglas.co.rs\/2025\/01\/16\/tamara-dzamonja-ignjatovic-studenti-su-odlucni-u-svojoj-odluci-da-istraju-jer-resavaju-svoju-buducnost\/#breadcrumb","itemListElement":[{"@type":"ListItem","position":1,"name":"Po\u010detna","item":"https:\/\/proglas.co.rs\/"},{"@type":"ListItem","position":2,"name":"Tamara D\u017eamonja Ignjatovi\u0107: Studenti su odlu\u010dni u svojoj odluci da istraju jer re\u0161avaju svoju budu\u0107nost"}]},{"@type":"WebSite","@id":"https:\/\/proglas.co.rs\/#website","url":"https:\/\/proglas.co.rs\/","name":"Proglas","description":"","publisher":{"@id":"https:\/\/proglas.co.rs\/#organization"},"potentialAction":[{"@type":"SearchAction","target":{"@type":"EntryPoint","urlTemplate":"https:\/\/proglas.co.rs\/?s={search_term_string}"},"query-input":{"@type":"PropertyValueSpecification","valueRequired":true,"valueName":"search_term_string"}}],"inLanguage":"en-US"},{"@type":"Organization","@id":"https:\/\/proglas.co.rs\/#organization","name":"Proglas","url":"https:\/\/proglas.co.rs\/","logo":{"@type":"ImageObject","inLanguage":"en-US","@id":"https:\/\/proglas.co.rs\/#\/schema\/logo\/image\/","url":"https:\/\/proglas.co.rs\/wp-content\/uploads\/2024\/03\/prolgas-logo-png.webp","contentUrl":"https:\/\/proglas.co.rs\/wp-content\/uploads\/2024\/03\/prolgas-logo-png.webp","width":388,"height":110,"caption":"Proglas"},"image":{"@id":"https:\/\/proglas.co.rs\/#\/schema\/logo\/image\/"},"sameAs":["https:\/\/www.facebook.com\/pro.glas.rs?mibextid=9R9pXO","https:\/\/x.com\/pro_glas_rs","https:\/\/www.tiktok.com\/@pro_glas_rs?_t=8hC7kX6SLDi&_r=1","https:\/\/www.youtube.com\/@pro_glas_rs\/","https:\/\/instagram.com\/pro_glas_rs?igshid=djcxcGp2emdveDBm"]},{"@type":"Person","@id":"https:\/\/proglas.co.rs\/#\/schema\/person\/454618ec33c1de7c8c18b296dabc5281","name":"ivan","image":{"@type":"ImageObject","inLanguage":"en-US","@id":"https:\/\/proglas.co.rs\/#\/schema\/person\/image\/","url":"https:\/\/secure.gravatar.com\/avatar\/c5b711be48a7abbdb3220ab9c70f2cd8133b44966da566aff509bddb351be5fc?s=96&d=mm&r=g","contentUrl":"https:\/\/secure.gravatar.com\/avatar\/c5b711be48a7abbdb3220ab9c70f2cd8133b44966da566aff509bddb351be5fc?s=96&d=mm&r=g","caption":"ivan"},"sameAs":["https:\/\/pg.swipeup.rs"],"url":"https:\/\/proglas.co.rs\/en\/author\/ivan\/"}]}},"_links":{"self":[{"href":"https:\/\/proglas.co.rs\/en\/wp-json\/wp\/v2\/posts\/10547","targetHints":{"allow":["GET"]}}],"collection":[{"href":"https:\/\/proglas.co.rs\/en\/wp-json\/wp\/v2\/posts"}],"about":[{"href":"https:\/\/proglas.co.rs\/en\/wp-json\/wp\/v2\/types\/post"}],"author":[{"embeddable":true,"href":"https:\/\/proglas.co.rs\/en\/wp-json\/wp\/v2\/users\/1"}],"replies":[{"embeddable":true,"href":"https:\/\/proglas.co.rs\/en\/wp-json\/wp\/v2\/comments?post=10547"}],"version-history":[{"count":1,"href":"https:\/\/proglas.co.rs\/en\/wp-json\/wp\/v2\/posts\/10547\/revisions"}],"predecessor-version":[{"id":10548,"href":"https:\/\/proglas.co.rs\/en\/wp-json\/wp\/v2\/posts\/10547\/revisions\/10548"}],"wp:featuredmedia":[{"embeddable":true,"href":"https:\/\/proglas.co.rs\/en\/wp-json\/wp\/v2\/media\/10546"}],"wp:attachment":[{"href":"https:\/\/proglas.co.rs\/en\/wp-json\/wp\/v2\/media?parent=10547"}],"wp:term":[{"taxonomy":"category","embeddable":true,"href":"https:\/\/proglas.co.rs\/en\/wp-json\/wp\/v2\/categories?post=10547"},{"taxonomy":"post_tag","embeddable":true,"href":"https:\/\/proglas.co.rs\/en\/wp-json\/wp\/v2\/tags?post=10547"}],"curies":[{"name":"wp","href":"https:\/\/api.w.org\/{rel}","templated":true}]}}