{"id":10603,"date":"2025-02-02T13:58:05","date_gmt":"2025-02-02T12:58:05","guid":{"rendered":"https:\/\/proglas.co.rs\/?p=10603"},"modified":"2025-02-02T16:51:37","modified_gmt":"2025-02-02T15:51:37","slug":"bjelogrlic-na-blokadi-u-novom-sadu-v","status":"publish","type":"post","link":"https:\/\/proglas.co.rs\/en\/2025\/02\/02\/bjelogrlic-na-blokadi-u-novom-sadu-v\/","title":{"rendered":"Bjelogrli\u0107 na blokadi u Novom Sadu:\u00a0Ako izgubimo ovu bitku, izgubi\u0107emo ceo 21. vek"},"content":{"rendered":"<p><strong>Period mr\u017enje, straha i podela, koji traje od 1990-ih godina, studenti \u0161alju kona\u010dno u istoriju, poru\u010dio je na blokadi Mosta slobode u Novom Sadu glumac, reditelj i inicijator ProGlasa Dragan Bjelogrli\u0107. <\/strong><\/p>\n\n\n\n<p>\u201ePo\u0161tovani studenti, veli\u010danstvena mladosti srbije. Nisam do\u0161ao da vam dr\u017eim govore, vama moji govori i govori moje generacije nisu potrebni. Generacija koja vam je ostavila ovu vlast, generacija koja vam je ostavila podeljeno dru\u0161tvo, Srbiju punu straha, mr\u017enje i podela, Srbiju poni\u017eenih ljudi, nije dostojna da vam dr\u017ei govore i deli savete. Ona samo mora i mo\u017ee da slu\u0161a vas.<\/p>\n\n\n\n<p>Mora da vas podr\u017eava i istraje zajedno sa vama na ovom putu spasa i da krene putem koji ste utabali. Vi ste svojom hrabro\u0161\u0107u, pameti i svojom lepotom kona\u010dno upalili svetlo i osvetlili tamni vilajet, u kojem je moja generacija lutala. Vi, gasite mr\u017enju, vi obesmi\u0161ljavate podele, vi neutrali\u0161ete otrove koji su nam decenijama ubrizgavani&#8220;, rekao je Bjelogrli\u0107.<\/p>\n\n\n\n<figure class=\"wp-block-pullquote\"><blockquote><p><strong>\u00a0&#8222;Vi po ugledu na va\u0161e pretke koji su u Prvom svetskom ratu zadivili ceo svet svojom hrabro\u0161\u0107u sada ne osloba\u0111ate samo Srbiju, nego ceo region. Vi zapo\u010dinjete novu epohu, a period mr\u017enje, straha, podela, koji traje od 90-ih, \u0161aljete kona\u010dno u istoriju. Narodu koji je dvadeseti vek proveo u lutanju, nudite put nade i put spasa.&#8220;<\/strong><\/p><\/blockquote><\/figure>\n\n\n\n<p>Bjelogrli\u0107 je dodao da se ovaj trenutak ne sme ispustiti, te da je on do\u0161ao kako bi se obratio&#8220;  Ja sam do\u0161ao ve\u010deras da se obratim &#8222;ovim starijima, ovima bez kojih se ova bitka ne mo\u017ee dobiti&#8220;.<\/p>\n\n\n\n<p>&#8222;Gospodo sudije, \u0161ta vas spre\u010dava da kona\u010dno po\u010dnete da radite svoj posao? Koga se vi u ovakvoj probu\u0111enoj Srbiji pla\u0161ite? Da li postoji neko ko mo\u017ee da vam da otkaz? Ba\u0161 bih voleo da ga vidim! Gospodo lekari, vi koji spasavate ljudske \u017eivote, vi koji nosite baklju plemenitosti, baklju empatije, za\u0161to \u0107utite kad va\u0161e kolege degradiraju, samo zato \u0161to je podr\u017eao studente? Ako vam neko ka\u017ee ovo \u0107e da pro\u0111e \u2013 e pa ja vam ka\u017eem, ovo ne\u0107e da pro\u0111e. Ako ustanete, traja\u0107e kra\u0107e. Na\u0161a mladost ovu bitku ne sme da izgubi. Podr\u017eite ih, ustanite, stanite uz njih, istrajte. Jer mi drugog izbora nemamo. Kao narod nemamo snage i prostora vi\u0161e za to, jer nas vi\u0161e ne\u0107e biti. Zato svi uz studente do pobede&#8220;, poru\u010dio je Bjelogrli\u0107.<\/p>\n\n\n\n<p><em>Govor u celosti poslu\u0161ajte u video prilogu:<\/em><\/p>\n\n\n\n<figure class=\"wp-block-embed is-type-video is-provider-youtube wp-block-embed-youtube wp-embed-aspect-16-9 wp-has-aspect-ratio\"><div class=\"wp-block-embed__wrapper\">\n<iframe title=\"Dragan Bjelogrli\u0107 na blokadi u Novom Sadu: Ako izgubimo ovu bitku, izgubi\u0107emo ceo 21. vek\" width=\"640\" height=\"360\" src=\"https:\/\/www.youtube.com\/embed\/dg5dZS4ESgc?feature=oembed\" frameborder=\"0\" allow=\"accelerometer; autoplay; clipboard-write; encrypted-media; gyroscope; picture-in-picture; web-share\" referrerpolicy=\"strict-origin-when-cross-origin\" allowfullscreen><\/iframe>\n<\/div><\/figure>","protected":false},"excerpt":{"rendered":"<p>Period mr\u017enje, straha i podela, koji traje od 1990-ih godina, studenti \u0161alju kona\u010dno u istoriju, poru\u010dio je na blokadi Mosta slobode u Novom Sadu glumac, reditelj i inicijator ProGlasa Dragan Bjelogrli\u0107. \u201ePo\u0161tovani studenti, veli\u010danstvena mladosti srbije. Nisam do\u0161ao da vam dr\u017eim govore, vama moji govori i govori moje generacije nisu potrebni. Generacija koja vam je [&hellip;]<\/p>","protected":false},"author":1,"featured_media":10604,"comment_status":"open","ping_status":"open","sticky":false,"template":"","format":"standard","meta":{"footnotes":""},"categories":[50],"tags":[],"class_list":["post-10603","post","type-post","status-publish","format-standard","has-post-thumbnail","hentry","category-terenske-akcije"],"yoast_head":"<!-- This site is optimized with the Yoast SEO plugin v26.9 - https:\/\/yoast.com\/product\/yoast-seo-wordpress\/ -->\n<title>Bjelogrli\u0107 na blokadi u Novom Sadu:\u00a0Ako izgubimo ovu bitku, izgubi\u0107emo ceo 21. vek - Proglas<\/title>\n<meta name=\"robots\" content=\"index, follow, max-snippet:-1, max-image-preview:large, max-video-preview:-1\" \/>\n<link rel=\"canonical\" href=\"https:\/\/proglas.co.rs\/en\/2025\/02\/02\/bjelogrlic-na-blokadi-u-novom-sadu-v\/\" \/>\n<meta property=\"og:locale\" content=\"en_US\" \/>\n<meta property=\"og:type\" content=\"article\" \/>\n<meta property=\"og:title\" content=\"Bjelogrli\u0107 na blokadi u Novom Sadu:\u00a0Ako izgubimo ovu bitku, izgubi\u0107emo ceo 21. vek - Proglas\" \/>\n<meta property=\"og:description\" content=\"Period mr\u017enje, straha i podela, koji traje od 1990-ih godina, studenti \u0161alju kona\u010dno u istoriju, poru\u010dio je na blokadi Mosta slobode u Novom Sadu glumac, reditelj i inicijator ProGlasa Dragan Bjelogrli\u0107. \u201ePo\u0161tovani studenti, veli\u010danstvena mladosti srbije. Nisam do\u0161ao da vam dr\u017eim govore, vama moji govori i govori moje generacije nisu potrebni. Generacija koja vam je [&hellip;]\" \/>\n<meta property=\"og:url\" content=\"https:\/\/proglas.co.rs\/en\/2025\/02\/02\/bjelogrlic-na-blokadi-u-novom-sadu-v\/\" \/>\n<meta property=\"og:site_name\" content=\"Proglas\" \/>\n<meta property=\"article:publisher\" content=\"https:\/\/www.facebook.com\/pro.glas.rs?mibextid=9R9pXO\" \/>\n<meta property=\"article:published_time\" content=\"2025-02-02T12:58:05+00:00\" \/>\n<meta property=\"article:modified_time\" content=\"2025-02-02T15:51:37+00:00\" \/>\n<meta property=\"og:image\" content=\"https:\/\/proglas.co.rs\/wp-content\/uploads\/2025\/02\/bjelogrlic-novi-sad-blokada-mosta.jpg\" \/>\n\t<meta property=\"og:image:width\" content=\"1331\" \/>\n\t<meta property=\"og:image:height\" content=\"777\" \/>\n\t<meta property=\"og:image:type\" content=\"image\/jpeg\" \/>\n<meta name=\"author\" content=\"ivan\" \/>\n<meta name=\"twitter:card\" content=\"summary_large_image\" \/>\n<meta name=\"twitter:creator\" content=\"@pro_glas_rs\" \/>\n<meta name=\"twitter:site\" content=\"@pro_glas_rs\" \/>\n<meta name=\"twitter:label1\" content=\"Written by\" \/>\n\t<meta name=\"twitter:data1\" content=\"ivan\" \/>\n\t<meta name=\"twitter:label2\" content=\"Est. reading time\" \/>\n\t<meta name=\"twitter:data2\" content=\"2 minutes\" \/>\n<script type=\"application\/ld+json\" class=\"yoast-schema-graph\">{\"@context\":\"https:\/\/schema.org\",\"@graph\":[{\"@type\":\"Article\",\"@id\":\"https:\/\/proglas.co.rs\/2025\/02\/02\/bjelogrlic-na-blokadi-u-novom-sadu-v\/#article\",\"isPartOf\":{\"@id\":\"https:\/\/proglas.co.rs\/2025\/02\/02\/bjelogrlic-na-blokadi-u-novom-sadu-v\/\"},\"author\":{\"name\":\"ivan\",\"@id\":\"https:\/\/proglas.co.rs\/#\/schema\/person\/454618ec33c1de7c8c18b296dabc5281\"},\"headline\":\"Bjelogrli\u0107 na blokadi u Novom Sadu:\u00a0Ako izgubimo ovu bitku, izgubi\u0107emo ceo 21. vek\",\"datePublished\":\"2025-02-02T12:58:05+00:00\",\"dateModified\":\"2025-02-02T15:51:37+00:00\",\"mainEntityOfPage\":{\"@id\":\"https:\/\/proglas.co.rs\/2025\/02\/02\/bjelogrlic-na-blokadi-u-novom-sadu-v\/\"},\"wordCount\":450,\"commentCount\":0,\"publisher\":{\"@id\":\"https:\/\/proglas.co.rs\/#organization\"},\"image\":{\"@id\":\"https:\/\/proglas.co.rs\/2025\/02\/02\/bjelogrlic-na-blokadi-u-novom-sadu-v\/#primaryimage\"},\"thumbnailUrl\":\"https:\/\/proglas.co.rs\/wp-content\/uploads\/2025\/02\/bjelogrlic-novi-sad-blokada-mosta.jpg\",\"articleSection\":[\"ProGlas na terenu\"],\"inLanguage\":\"en-US\",\"potentialAction\":[{\"@type\":\"CommentAction\",\"name\":\"Comment\",\"target\":[\"https:\/\/proglas.co.rs\/2025\/02\/02\/bjelogrlic-na-blokadi-u-novom-sadu-v\/#respond\"]}]},{\"@type\":\"WebPage\",\"@id\":\"https:\/\/proglas.co.rs\/2025\/02\/02\/bjelogrlic-na-blokadi-u-novom-sadu-v\/\",\"url\":\"https:\/\/proglas.co.rs\/2025\/02\/02\/bjelogrlic-na-blokadi-u-novom-sadu-v\/\",\"name\":\"Bjelogrli\u0107 na blokadi u Novom Sadu:\u00a0Ako izgubimo ovu bitku, izgubi\u0107emo ceo 21. vek - Proglas\",\"isPartOf\":{\"@id\":\"https:\/\/proglas.co.rs\/#website\"},\"primaryImageOfPage\":{\"@id\":\"https:\/\/proglas.co.rs\/2025\/02\/02\/bjelogrlic-na-blokadi-u-novom-sadu-v\/#primaryimage\"},\"image\":{\"@id\":\"https:\/\/proglas.co.rs\/2025\/02\/02\/bjelogrlic-na-blokadi-u-novom-sadu-v\/#primaryimage\"},\"thumbnailUrl\":\"https:\/\/proglas.co.rs\/wp-content\/uploads\/2025\/02\/bjelogrlic-novi-sad-blokada-mosta.jpg\",\"datePublished\":\"2025-02-02T12:58:05+00:00\",\"dateModified\":\"2025-02-02T15:51:37+00:00\",\"breadcrumb\":{\"@id\":\"https:\/\/proglas.co.rs\/2025\/02\/02\/bjelogrlic-na-blokadi-u-novom-sadu-v\/#breadcrumb\"},\"inLanguage\":\"en-US\",\"potentialAction\":[{\"@type\":\"ReadAction\",\"target\":[\"https:\/\/proglas.co.rs\/2025\/02\/02\/bjelogrlic-na-blokadi-u-novom-sadu-v\/\"]}]},{\"@type\":\"ImageObject\",\"inLanguage\":\"en-US\",\"@id\":\"https:\/\/proglas.co.rs\/2025\/02\/02\/bjelogrlic-na-blokadi-u-novom-sadu-v\/#primaryimage\",\"url\":\"https:\/\/proglas.co.rs\/wp-content\/uploads\/2025\/02\/bjelogrlic-novi-sad-blokada-mosta.jpg\",\"contentUrl\":\"https:\/\/proglas.co.rs\/wp-content\/uploads\/2025\/02\/bjelogrlic-novi-sad-blokada-mosta.jpg\",\"width\":1331,\"height\":777},{\"@type\":\"BreadcrumbList\",\"@id\":\"https:\/\/proglas.co.rs\/2025\/02\/02\/bjelogrlic-na-blokadi-u-novom-sadu-v\/#breadcrumb\",\"itemListElement\":[{\"@type\":\"ListItem\",\"position\":1,\"name\":\"Po\u010detna\",\"item\":\"https:\/\/proglas.co.rs\/\"},{\"@type\":\"ListItem\",\"position\":2,\"name\":\"Bjelogrli\u0107 na blokadi u Novom Sadu:\u00a0Ako izgubimo ovu bitku, izgubi\u0107emo ceo 21. vek\"}]},{\"@type\":\"WebSite\",\"@id\":\"https:\/\/proglas.co.rs\/#website\",\"url\":\"https:\/\/proglas.co.rs\/\",\"name\":\"Proglas\",\"description\":\"\",\"publisher\":{\"@id\":\"https:\/\/proglas.co.rs\/#organization\"},\"potentialAction\":[{\"@type\":\"SearchAction\",\"target\":{\"@type\":\"EntryPoint\",\"urlTemplate\":\"https:\/\/proglas.co.rs\/?s={search_term_string}\"},\"query-input\":{\"@type\":\"PropertyValueSpecification\",\"valueRequired\":true,\"valueName\":\"search_term_string\"}}],\"inLanguage\":\"en-US\"},{\"@type\":\"Organization\",\"@id\":\"https:\/\/proglas.co.rs\/#organization\",\"name\":\"Proglas\",\"url\":\"https:\/\/proglas.co.rs\/\",\"logo\":{\"@type\":\"ImageObject\",\"inLanguage\":\"en-US\",\"@id\":\"https:\/\/proglas.co.rs\/#\/schema\/logo\/image\/\",\"url\":\"https:\/\/proglas.co.rs\/wp-content\/uploads\/2024\/03\/prolgas-logo-png.webp\",\"contentUrl\":\"https:\/\/proglas.co.rs\/wp-content\/uploads\/2024\/03\/prolgas-logo-png.webp\",\"width\":388,\"height\":110,\"caption\":\"Proglas\"},\"image\":{\"@id\":\"https:\/\/proglas.co.rs\/#\/schema\/logo\/image\/\"},\"sameAs\":[\"https:\/\/www.facebook.com\/pro.glas.rs?mibextid=9R9pXO\",\"https:\/\/x.com\/pro_glas_rs\",\"https:\/\/www.tiktok.com\/@pro_glas_rs?_t=8hC7kX6SLDi&_r=1\",\"https:\/\/www.youtube.com\/@pro_glas_rs\/\",\"https:\/\/instagram.com\/pro_glas_rs?igshid=djcxcGp2emdveDBm\"]},{\"@type\":\"Person\",\"@id\":\"https:\/\/proglas.co.rs\/#\/schema\/person\/454618ec33c1de7c8c18b296dabc5281\",\"name\":\"ivan\",\"image\":{\"@type\":\"ImageObject\",\"inLanguage\":\"en-US\",\"@id\":\"https:\/\/proglas.co.rs\/#\/schema\/person\/image\/\",\"url\":\"https:\/\/secure.gravatar.com\/avatar\/c5b711be48a7abbdb3220ab9c70f2cd8133b44966da566aff509bddb351be5fc?s=96&d=mm&r=g\",\"contentUrl\":\"https:\/\/secure.gravatar.com\/avatar\/c5b711be48a7abbdb3220ab9c70f2cd8133b44966da566aff509bddb351be5fc?s=96&d=mm&r=g\",\"caption\":\"ivan\"},\"sameAs\":[\"https:\/\/pg.swipeup.rs\"],\"url\":\"https:\/\/proglas.co.rs\/en\/author\/ivan\/\"}]}<\/script>\n<!-- \/ Yoast SEO plugin. -->","yoast_head_json":{"title":"Bjelogrli\u0107 na blokadi u Novom Sadu:\u00a0Ako izgubimo ovu bitku, izgubi\u0107emo ceo 21. vek - Proglas","robots":{"index":"index","follow":"follow","max-snippet":"max-snippet:-1","max-image-preview":"max-image-preview:large","max-video-preview":"max-video-preview:-1"},"canonical":"https:\/\/proglas.co.rs\/en\/2025\/02\/02\/bjelogrlic-na-blokadi-u-novom-sadu-v\/","og_locale":"en_US","og_type":"article","og_title":"Bjelogrli\u0107 na blokadi u Novom Sadu:\u00a0Ako izgubimo ovu bitku, izgubi\u0107emo ceo 21. vek - Proglas","og_description":"Period mr\u017enje, straha i podela, koji traje od 1990-ih godina, studenti \u0161alju kona\u010dno u istoriju, poru\u010dio je na blokadi Mosta slobode u Novom Sadu glumac, reditelj i inicijator ProGlasa Dragan Bjelogrli\u0107. \u201ePo\u0161tovani studenti, veli\u010danstvena mladosti srbije. Nisam do\u0161ao da vam dr\u017eim govore, vama moji govori i govori moje generacije nisu potrebni. Generacija koja vam je [&hellip;]","og_url":"https:\/\/proglas.co.rs\/en\/2025\/02\/02\/bjelogrlic-na-blokadi-u-novom-sadu-v\/","og_site_name":"Proglas","article_publisher":"https:\/\/www.facebook.com\/pro.glas.rs?mibextid=9R9pXO","article_published_time":"2025-02-02T12:58:05+00:00","article_modified_time":"2025-02-02T15:51:37+00:00","og_image":[{"width":1331,"height":777,"url":"https:\/\/proglas.co.rs\/wp-content\/uploads\/2025\/02\/bjelogrlic-novi-sad-blokada-mosta.jpg","type":"image\/jpeg"}],"author":"ivan","twitter_card":"summary_large_image","twitter_creator":"@pro_glas_rs","twitter_site":"@pro_glas_rs","twitter_misc":{"Written by":"ivan","Est. reading time":"2 minutes"},"schema":{"@context":"https:\/\/schema.org","@graph":[{"@type":"Article","@id":"https:\/\/proglas.co.rs\/2025\/02\/02\/bjelogrlic-na-blokadi-u-novom-sadu-v\/#article","isPartOf":{"@id":"https:\/\/proglas.co.rs\/2025\/02\/02\/bjelogrlic-na-blokadi-u-novom-sadu-v\/"},"author":{"name":"ivan","@id":"https:\/\/proglas.co.rs\/#\/schema\/person\/454618ec33c1de7c8c18b296dabc5281"},"headline":"Bjelogrli\u0107 na blokadi u Novom Sadu:\u00a0Ako izgubimo ovu bitku, izgubi\u0107emo ceo 21. vek","datePublished":"2025-02-02T12:58:05+00:00","dateModified":"2025-02-02T15:51:37+00:00","mainEntityOfPage":{"@id":"https:\/\/proglas.co.rs\/2025\/02\/02\/bjelogrlic-na-blokadi-u-novom-sadu-v\/"},"wordCount":450,"commentCount":0,"publisher":{"@id":"https:\/\/proglas.co.rs\/#organization"},"image":{"@id":"https:\/\/proglas.co.rs\/2025\/02\/02\/bjelogrlic-na-blokadi-u-novom-sadu-v\/#primaryimage"},"thumbnailUrl":"https:\/\/proglas.co.rs\/wp-content\/uploads\/2025\/02\/bjelogrlic-novi-sad-blokada-mosta.jpg","articleSection":["ProGlas na terenu"],"inLanguage":"en-US","potentialAction":[{"@type":"CommentAction","name":"Comment","target":["https:\/\/proglas.co.rs\/2025\/02\/02\/bjelogrlic-na-blokadi-u-novom-sadu-v\/#respond"]}]},{"@type":"WebPage","@id":"https:\/\/proglas.co.rs\/2025\/02\/02\/bjelogrlic-na-blokadi-u-novom-sadu-v\/","url":"https:\/\/proglas.co.rs\/2025\/02\/02\/bjelogrlic-na-blokadi-u-novom-sadu-v\/","name":"Bjelogrli\u0107 na blokadi u Novom Sadu:\u00a0Ako izgubimo ovu bitku, izgubi\u0107emo ceo 21. vek - Proglas","isPartOf":{"@id":"https:\/\/proglas.co.rs\/#website"},"primaryImageOfPage":{"@id":"https:\/\/proglas.co.rs\/2025\/02\/02\/bjelogrlic-na-blokadi-u-novom-sadu-v\/#primaryimage"},"image":{"@id":"https:\/\/proglas.co.rs\/2025\/02\/02\/bjelogrlic-na-blokadi-u-novom-sadu-v\/#primaryimage"},"thumbnailUrl":"https:\/\/proglas.co.rs\/wp-content\/uploads\/2025\/02\/bjelogrlic-novi-sad-blokada-mosta.jpg","datePublished":"2025-02-02T12:58:05+00:00","dateModified":"2025-02-02T15:51:37+00:00","breadcrumb":{"@id":"https:\/\/proglas.co.rs\/2025\/02\/02\/bjelogrlic-na-blokadi-u-novom-sadu-v\/#breadcrumb"},"inLanguage":"en-US","potentialAction":[{"@type":"ReadAction","target":["https:\/\/proglas.co.rs\/2025\/02\/02\/bjelogrlic-na-blokadi-u-novom-sadu-v\/"]}]},{"@type":"ImageObject","inLanguage":"en-US","@id":"https:\/\/proglas.co.rs\/2025\/02\/02\/bjelogrlic-na-blokadi-u-novom-sadu-v\/#primaryimage","url":"https:\/\/proglas.co.rs\/wp-content\/uploads\/2025\/02\/bjelogrlic-novi-sad-blokada-mosta.jpg","contentUrl":"https:\/\/proglas.co.rs\/wp-content\/uploads\/2025\/02\/bjelogrlic-novi-sad-blokada-mosta.jpg","width":1331,"height":777},{"@type":"BreadcrumbList","@id":"https:\/\/proglas.co.rs\/2025\/02\/02\/bjelogrlic-na-blokadi-u-novom-sadu-v\/#breadcrumb","itemListElement":[{"@type":"ListItem","position":1,"name":"Po\u010detna","item":"https:\/\/proglas.co.rs\/"},{"@type":"ListItem","position":2,"name":"Bjelogrli\u0107 na blokadi u Novom Sadu:\u00a0Ako izgubimo ovu bitku, izgubi\u0107emo ceo 21. vek"}]},{"@type":"WebSite","@id":"https:\/\/proglas.co.rs\/#website","url":"https:\/\/proglas.co.rs\/","name":"Proglas","description":"","publisher":{"@id":"https:\/\/proglas.co.rs\/#organization"},"potentialAction":[{"@type":"SearchAction","target":{"@type":"EntryPoint","urlTemplate":"https:\/\/proglas.co.rs\/?s={search_term_string}"},"query-input":{"@type":"PropertyValueSpecification","valueRequired":true,"valueName":"search_term_string"}}],"inLanguage":"en-US"},{"@type":"Organization","@id":"https:\/\/proglas.co.rs\/#organization","name":"Proglas","url":"https:\/\/proglas.co.rs\/","logo":{"@type":"ImageObject","inLanguage":"en-US","@id":"https:\/\/proglas.co.rs\/#\/schema\/logo\/image\/","url":"https:\/\/proglas.co.rs\/wp-content\/uploads\/2024\/03\/prolgas-logo-png.webp","contentUrl":"https:\/\/proglas.co.rs\/wp-content\/uploads\/2024\/03\/prolgas-logo-png.webp","width":388,"height":110,"caption":"Proglas"},"image":{"@id":"https:\/\/proglas.co.rs\/#\/schema\/logo\/image\/"},"sameAs":["https:\/\/www.facebook.com\/pro.glas.rs?mibextid=9R9pXO","https:\/\/x.com\/pro_glas_rs","https:\/\/www.tiktok.com\/@pro_glas_rs?_t=8hC7kX6SLDi&_r=1","https:\/\/www.youtube.com\/@pro_glas_rs\/","https:\/\/instagram.com\/pro_glas_rs?igshid=djcxcGp2emdveDBm"]},{"@type":"Person","@id":"https:\/\/proglas.co.rs\/#\/schema\/person\/454618ec33c1de7c8c18b296dabc5281","name":"ivan","image":{"@type":"ImageObject","inLanguage":"en-US","@id":"https:\/\/proglas.co.rs\/#\/schema\/person\/image\/","url":"https:\/\/secure.gravatar.com\/avatar\/c5b711be48a7abbdb3220ab9c70f2cd8133b44966da566aff509bddb351be5fc?s=96&d=mm&r=g","contentUrl":"https:\/\/secure.gravatar.com\/avatar\/c5b711be48a7abbdb3220ab9c70f2cd8133b44966da566aff509bddb351be5fc?s=96&d=mm&r=g","caption":"ivan"},"sameAs":["https:\/\/pg.swipeup.rs"],"url":"https:\/\/proglas.co.rs\/en\/author\/ivan\/"}]}},"_links":{"self":[{"href":"https:\/\/proglas.co.rs\/en\/wp-json\/wp\/v2\/posts\/10603","targetHints":{"allow":["GET"]}}],"collection":[{"href":"https:\/\/proglas.co.rs\/en\/wp-json\/wp\/v2\/posts"}],"about":[{"href":"https:\/\/proglas.co.rs\/en\/wp-json\/wp\/v2\/types\/post"}],"author":[{"embeddable":true,"href":"https:\/\/proglas.co.rs\/en\/wp-json\/wp\/v2\/users\/1"}],"replies":[{"embeddable":true,"href":"https:\/\/proglas.co.rs\/en\/wp-json\/wp\/v2\/comments?post=10603"}],"version-history":[{"count":4,"href":"https:\/\/proglas.co.rs\/en\/wp-json\/wp\/v2\/posts\/10603\/revisions"}],"predecessor-version":[{"id":10612,"href":"https:\/\/proglas.co.rs\/en\/wp-json\/wp\/v2\/posts\/10603\/revisions\/10612"}],"wp:featuredmedia":[{"embeddable":true,"href":"https:\/\/proglas.co.rs\/en\/wp-json\/wp\/v2\/media\/10604"}],"wp:attachment":[{"href":"https:\/\/proglas.co.rs\/en\/wp-json\/wp\/v2\/media?parent=10603"}],"wp:term":[{"taxonomy":"category","embeddable":true,"href":"https:\/\/proglas.co.rs\/en\/wp-json\/wp\/v2\/categories?post=10603"},{"taxonomy":"post_tag","embeddable":true,"href":"https:\/\/proglas.co.rs\/en\/wp-json\/wp\/v2\/tags?post=10603"}],"curies":[{"name":"wp","href":"https:\/\/api.w.org\/{rel}","templated":true}]}}