{"id":10860,"date":"2025-07-08T13:01:28","date_gmt":"2025-07-08T11:01:28","guid":{"rendered":"https:\/\/proglas.co.rs\/?p=10860"},"modified":"2025-07-08T15:13:27","modified_gmt":"2025-07-08T13:13:27","slug":"pismo-potpisnicima-proglasa-ostanimo-nepokolebljivi-u-zahtevu-za-obnovu-demokratije","status":"publish","type":"post","link":"https:\/\/proglas.co.rs\/en\/2025\/07\/08\/pismo-potpisnicima-proglasa-ostanimo-nepokolebljivi-u-zahtevu-za-obnovu-demokratije\/","title":{"rendered":"Pismo potpisnicima ProGlasa: Ostanimo nepokolebljivi u zahtevu za obnovu demokratije"},"content":{"rendered":"<p>Po\u0161tovani potpisnici ProGlasa,<\/p>\n\n\n\n<p><strong>Ve\u0107 osam meseci studenti i gra\u0111ani tra\u017ee mir za \u017ertve, pravdu za dru\u0161tvo, odgovornost za krivce.<\/strong><br>Osam meseci svedo\u010dimo najve\u0107em antipopulisti\u010dkom i antiautoritarnom pokretu modernih vremena. Studentski protest prerastao je u masovnu gra\u0111ansku pobunu protiv korupcije, nepravde i nezakonitosti.<\/p>\n\n\n\n<p>Re\u017eim Aleksandra Vu\u010di\u0107a u poslednja dva meseca stupio je na put bez povratka, okre\u0107u\u0107i se <strong>represiji, policijskoj brutalnosti i masovnim hap\u0161enjima<\/strong>. Od hibridnog re\u017eima vlast Aleksandra Vu\u010di\u0107a postala je autoritarni, policijski i nasilni\u010dki re\u017eim.<\/p>\n\n\n\n<p>Osam meseci studenti i gra\u0111ani poru\u010duju re\u017eimu: &#8222;Ruke su vam krvave!&#8220;<strong> Sada je do\u0161ao trenutak da re\u017eimu poru\u010dimo: &#8222;Ruke su vam jo\u0161 krvavije!&#8220;<\/strong><\/p>\n\n\n\n<p>Re\u017eim je otvoreno <strong>napao generacije mladih ljudi<\/strong>. Re\u017eim je otvoreno <strong>napao Univerzitet <\/strong>koji stoji u temelju moderne srpske dr\u017eave. Re\u017eim je otvoreno <strong>napao kulturnu zajednicu<\/strong>, gu\u0161e\u0107i njen stvarala\u010dki i kriti\u010dki potencijal. Neosetljiv za dru\u0161tvene potrebe i interese, re\u017eim je protivnik svakog dela dru\u0161tva i svakog gra\u0111anina koji nije pokoran.<\/p>\n\n\n\n<p>Kao \u0161to nismo prihvatili la\u017e i strah kao oblik vladavine, tako ne smemo prihvatiti ni no\u0107i dugih palica kao sudbinu srpskog dru\u0161tva, ni obesno nasilje maskiranih policajaca, ni masovna hap\u0161enja studenata i gra\u0111ana.<\/p>\n\n\n\n<p><strong>Srbija ne sme postati zemlja u kojoj svakog jutra i svake ve\u010deri prebrojavamo uhap\u0161ene i prebijene studente. <\/strong>To je neoprostiva krivica ovog re\u017eima. Da ni\u0161ta drugo nije u\u010dinio, samo zbog toga bi crnim slovima bio upisan u istoriju.<\/p>\n\n\n\n<p>Ali ni <strong>na\u0161a savest ne mo\u017ee biti mirna ako nemo gledamo <\/strong>dok studente odvode maskirani policajci ili neidentifikovani civili u neobele\u017eenim automobilima, dok povre\u0111ene studente policija vezuje za bolni\u010dke krevete ili dok satima dr\u017ei gra\u0111ane opkoljene na ulicama kao u doba najzloglasnijih re\u017eima.<\/p>\n\n\n\n<p><strong>ProGlas zahteva da budu ka\u017enjeni svi naredbodavci i izvr\u0161ioci policijskog nasilja nad gra\u0111anima Srbije.<\/strong> To \u0107e biti jedna od klju\u010dnih mera u danu posle promena na kojoj \u0107e insistirati ProGlas. Nijedan policijac i nijedan policijski stare\u0161ina koji su u\u010destvovali u zlostavljanju gra\u0111ana ne\u0107e mo\u0107i da ostane u policijskoj slu\u017ebi, ni na dr\u017eavnom poslu. Nijedan policijac, nijedan tu\u017eilac i nijedan sudija koji su sprovodili policijsko i pravno nasilje nad gra\u0111anima ne\u0107e mo\u0107i da se u danu posle pravda re\u010dima da su samo radili svoj posao.<\/p>\n\n\n\n<p><strong>Niko ne sme raditi svoj posao suprotno Ustavu i zakonima.<\/strong><\/p>\n\n\n\n<p>Po\u0161tovani potpisnici ProGlasa,<br>U ovim dramati\u010dnim vremenima, dok sa zebnjom \u010dekamo nove vesti, dok se policijske marice u punoj brzini zale\u0107u u mirne demonstrante, pozivamo vas da zajedni\u010dkim snagama i istrajno u\u010destvujemo u masovnom, mirnom i nenasilnom otporu gra\u0111ana Srbije re\u017eimu koji je odbacio sve obzire.<\/p>\n\n\n\n<p>\u010clanovi ProGlasa su svakog dana na ulicama i trgovima s gra\u0111anima. Ostanimo nepokolebljivi u zahtevu za obnovu demokratije i za politi\u010dke slobode. Nu\u017ean uslov svega toga jesu promene: najpre promena vlasti, potom promena sistema.<\/p>\n\n\n\n<p>Znamo da smo <strong>zajedno u toj borbi<\/strong>. Budimo solidarni sa svima kojima je potrebna solidarnost. Pru\u017eimo pomo\u0107 svima kojima je potrebna pomo\u0107. Zahtevajmo slobodu za sve uhap\u0161ene demonstrante.<\/p>\n\n\n\n<p><strong>Ova zemlja mora biti spasena od haosa neizvesnosti i opasnosti u koji je gura ovaj re\u017eim.<\/strong><\/p>","protected":false},"excerpt":{"rendered":"<p>Po\u0161tovani potpisnici ProGlasa, Ve\u0107 osam meseci studenti i gra\u0111ani tra\u017ee mir za \u017ertve, pravdu za dru\u0161tvo, odgovornost za krivce.Osam meseci svedo\u010dimo najve\u0107em antipopulisti\u010dkom i antiautoritarnom pokretu modernih vremena. Studentski protest prerastao je u masovnu gra\u0111ansku pobunu protiv korupcije, nepravde i nezakonitosti. Re\u017eim Aleksandra Vu\u010di\u0107a u poslednja dva meseca stupio je na put bez povratka, okre\u0107u\u0107i [&hellip;]<\/p>","protected":false},"author":1,"featured_media":10862,"comment_status":"open","ping_status":"open","sticky":false,"template":"","format":"standard","meta":{"footnotes":""},"categories":[50],"tags":[],"class_list":["post-10860","post","type-post","status-publish","format-standard","has-post-thumbnail","hentry","category-terenske-akcije"],"yoast_head":"<!-- This site is optimized with the Yoast SEO plugin v26.9 - https:\/\/yoast.com\/product\/yoast-seo-wordpress\/ -->\n<title>Pismo potpisnicima ProGlasa: Ostanimo nepokolebljivi u zahtevu za obnovu demokratije - Proglas<\/title>\n<meta name=\"robots\" content=\"index, follow, max-snippet:-1, max-image-preview:large, max-video-preview:-1\" \/>\n<link rel=\"canonical\" href=\"https:\/\/proglas.co.rs\/en\/2025\/07\/08\/pismo-potpisnicima-proglasa-ostanimo-nepokolebljivi-u-zahtevu-za-obnovu-demokratije\/\" \/>\n<meta property=\"og:locale\" content=\"en_US\" \/>\n<meta property=\"og:type\" content=\"article\" \/>\n<meta property=\"og:title\" content=\"Pismo potpisnicima ProGlasa: Ostanimo nepokolebljivi u zahtevu za obnovu demokratije - Proglas\" \/>\n<meta property=\"og:description\" content=\"Po\u0161tovani potpisnici ProGlasa, Ve\u0107 osam meseci studenti i gra\u0111ani tra\u017ee mir za \u017ertve, pravdu za dru\u0161tvo, odgovornost za krivce.Osam meseci svedo\u010dimo najve\u0107em antipopulisti\u010dkom i antiautoritarnom pokretu modernih vremena. Studentski protest prerastao je u masovnu gra\u0111ansku pobunu protiv korupcije, nepravde i nezakonitosti. Re\u017eim Aleksandra Vu\u010di\u0107a u poslednja dva meseca stupio je na put bez povratka, okre\u0107u\u0107i [&hellip;]\" \/>\n<meta property=\"og:url\" content=\"https:\/\/proglas.co.rs\/en\/2025\/07\/08\/pismo-potpisnicima-proglasa-ostanimo-nepokolebljivi-u-zahtevu-za-obnovu-demokratije\/\" \/>\n<meta property=\"og:site_name\" content=\"Proglas\" \/>\n<meta property=\"article:publisher\" content=\"https:\/\/www.facebook.com\/pro.glas.rs?mibextid=9R9pXO\" \/>\n<meta property=\"article:published_time\" content=\"2025-07-08T11:01:28+00:00\" \/>\n<meta property=\"article:modified_time\" content=\"2025-07-08T13:13:27+00:00\" \/>\n<meta property=\"og:image\" content=\"https:\/\/proglas.co.rs\/wp-content\/uploads\/2025\/07\/pismo.png\" \/>\n\t<meta property=\"og:image:width\" content=\"1920\" \/>\n\t<meta property=\"og:image:height\" content=\"1080\" \/>\n\t<meta property=\"og:image:type\" content=\"image\/png\" \/>\n<meta name=\"author\" content=\"ivan\" \/>\n<meta name=\"twitter:card\" content=\"summary_large_image\" \/>\n<meta name=\"twitter:creator\" content=\"@pro_glas_rs\" \/>\n<meta name=\"twitter:site\" content=\"@pro_glas_rs\" \/>\n<meta name=\"twitter:label1\" content=\"Written by\" \/>\n\t<meta name=\"twitter:data1\" content=\"ivan\" \/>\n\t<meta name=\"twitter:label2\" content=\"Est. reading time\" \/>\n\t<meta name=\"twitter:data2\" content=\"3 minutes\" \/>\n<script type=\"application\/ld+json\" class=\"yoast-schema-graph\">{\"@context\":\"https:\/\/schema.org\",\"@graph\":[{\"@type\":\"Article\",\"@id\":\"https:\/\/proglas.co.rs\/2025\/07\/08\/pismo-potpisnicima-proglasa-ostanimo-nepokolebljivi-u-zahtevu-za-obnovu-demokratije\/#article\",\"isPartOf\":{\"@id\":\"https:\/\/proglas.co.rs\/2025\/07\/08\/pismo-potpisnicima-proglasa-ostanimo-nepokolebljivi-u-zahtevu-za-obnovu-demokratije\/\"},\"author\":{\"name\":\"ivan\",\"@id\":\"https:\/\/proglas.co.rs\/#\/schema\/person\/454618ec33c1de7c8c18b296dabc5281\"},\"headline\":\"Pismo potpisnicima ProGlasa: Ostanimo nepokolebljivi u zahtevu za obnovu demokratije\",\"datePublished\":\"2025-07-08T11:01:28+00:00\",\"dateModified\":\"2025-07-08T13:13:27+00:00\",\"mainEntityOfPage\":{\"@id\":\"https:\/\/proglas.co.rs\/2025\/07\/08\/pismo-potpisnicima-proglasa-ostanimo-nepokolebljivi-u-zahtevu-za-obnovu-demokratije\/\"},\"wordCount\":573,\"commentCount\":0,\"publisher\":{\"@id\":\"https:\/\/proglas.co.rs\/#organization\"},\"image\":{\"@id\":\"https:\/\/proglas.co.rs\/2025\/07\/08\/pismo-potpisnicima-proglasa-ostanimo-nepokolebljivi-u-zahtevu-za-obnovu-demokratije\/#primaryimage\"},\"thumbnailUrl\":\"https:\/\/proglas.co.rs\/wp-content\/uploads\/2025\/07\/pismo.png\",\"articleSection\":[\"ProGlas na terenu\"],\"inLanguage\":\"en-US\",\"potentialAction\":[{\"@type\":\"CommentAction\",\"name\":\"Comment\",\"target\":[\"https:\/\/proglas.co.rs\/2025\/07\/08\/pismo-potpisnicima-proglasa-ostanimo-nepokolebljivi-u-zahtevu-za-obnovu-demokratije\/#respond\"]}]},{\"@type\":\"WebPage\",\"@id\":\"https:\/\/proglas.co.rs\/2025\/07\/08\/pismo-potpisnicima-proglasa-ostanimo-nepokolebljivi-u-zahtevu-za-obnovu-demokratije\/\",\"url\":\"https:\/\/proglas.co.rs\/2025\/07\/08\/pismo-potpisnicima-proglasa-ostanimo-nepokolebljivi-u-zahtevu-za-obnovu-demokratije\/\",\"name\":\"Pismo potpisnicima ProGlasa: Ostanimo nepokolebljivi u zahtevu za obnovu demokratije - Proglas\",\"isPartOf\":{\"@id\":\"https:\/\/proglas.co.rs\/#website\"},\"primaryImageOfPage\":{\"@id\":\"https:\/\/proglas.co.rs\/2025\/07\/08\/pismo-potpisnicima-proglasa-ostanimo-nepokolebljivi-u-zahtevu-za-obnovu-demokratije\/#primaryimage\"},\"image\":{\"@id\":\"https:\/\/proglas.co.rs\/2025\/07\/08\/pismo-potpisnicima-proglasa-ostanimo-nepokolebljivi-u-zahtevu-za-obnovu-demokratije\/#primaryimage\"},\"thumbnailUrl\":\"https:\/\/proglas.co.rs\/wp-content\/uploads\/2025\/07\/pismo.png\",\"datePublished\":\"2025-07-08T11:01:28+00:00\",\"dateModified\":\"2025-07-08T13:13:27+00:00\",\"breadcrumb\":{\"@id\":\"https:\/\/proglas.co.rs\/2025\/07\/08\/pismo-potpisnicima-proglasa-ostanimo-nepokolebljivi-u-zahtevu-za-obnovu-demokratije\/#breadcrumb\"},\"inLanguage\":\"en-US\",\"potentialAction\":[{\"@type\":\"ReadAction\",\"target\":[\"https:\/\/proglas.co.rs\/2025\/07\/08\/pismo-potpisnicima-proglasa-ostanimo-nepokolebljivi-u-zahtevu-za-obnovu-demokratije\/\"]}]},{\"@type\":\"ImageObject\",\"inLanguage\":\"en-US\",\"@id\":\"https:\/\/proglas.co.rs\/2025\/07\/08\/pismo-potpisnicima-proglasa-ostanimo-nepokolebljivi-u-zahtevu-za-obnovu-demokratije\/#primaryimage\",\"url\":\"https:\/\/proglas.co.rs\/wp-content\/uploads\/2025\/07\/pismo.png\",\"contentUrl\":\"https:\/\/proglas.co.rs\/wp-content\/uploads\/2025\/07\/pismo.png\",\"width\":1920,\"height\":1080},{\"@type\":\"BreadcrumbList\",\"@id\":\"https:\/\/proglas.co.rs\/2025\/07\/08\/pismo-potpisnicima-proglasa-ostanimo-nepokolebljivi-u-zahtevu-za-obnovu-demokratije\/#breadcrumb\",\"itemListElement\":[{\"@type\":\"ListItem\",\"position\":1,\"name\":\"Po\u010detna\",\"item\":\"https:\/\/proglas.co.rs\/\"},{\"@type\":\"ListItem\",\"position\":2,\"name\":\"Pismo potpisnicima ProGlasa: Ostanimo nepokolebljivi u zahtevu za obnovu demokratije\"}]},{\"@type\":\"WebSite\",\"@id\":\"https:\/\/proglas.co.rs\/#website\",\"url\":\"https:\/\/proglas.co.rs\/\",\"name\":\"Proglas\",\"description\":\"\",\"publisher\":{\"@id\":\"https:\/\/proglas.co.rs\/#organization\"},\"potentialAction\":[{\"@type\":\"SearchAction\",\"target\":{\"@type\":\"EntryPoint\",\"urlTemplate\":\"https:\/\/proglas.co.rs\/?s={search_term_string}\"},\"query-input\":{\"@type\":\"PropertyValueSpecification\",\"valueRequired\":true,\"valueName\":\"search_term_string\"}}],\"inLanguage\":\"en-US\"},{\"@type\":\"Organization\",\"@id\":\"https:\/\/proglas.co.rs\/#organization\",\"name\":\"Proglas\",\"url\":\"https:\/\/proglas.co.rs\/\",\"logo\":{\"@type\":\"ImageObject\",\"inLanguage\":\"en-US\",\"@id\":\"https:\/\/proglas.co.rs\/#\/schema\/logo\/image\/\",\"url\":\"https:\/\/proglas.co.rs\/wp-content\/uploads\/2024\/03\/prolgas-logo-png.webp\",\"contentUrl\":\"https:\/\/proglas.co.rs\/wp-content\/uploads\/2024\/03\/prolgas-logo-png.webp\",\"width\":388,\"height\":110,\"caption\":\"Proglas\"},\"image\":{\"@id\":\"https:\/\/proglas.co.rs\/#\/schema\/logo\/image\/\"},\"sameAs\":[\"https:\/\/www.facebook.com\/pro.glas.rs?mibextid=9R9pXO\",\"https:\/\/x.com\/pro_glas_rs\",\"https:\/\/www.tiktok.com\/@pro_glas_rs?_t=8hC7kX6SLDi&_r=1\",\"https:\/\/www.youtube.com\/@pro_glas_rs\/\",\"https:\/\/instagram.com\/pro_glas_rs?igshid=djcxcGp2emdveDBm\"]},{\"@type\":\"Person\",\"@id\":\"https:\/\/proglas.co.rs\/#\/schema\/person\/454618ec33c1de7c8c18b296dabc5281\",\"name\":\"ivan\",\"image\":{\"@type\":\"ImageObject\",\"inLanguage\":\"en-US\",\"@id\":\"https:\/\/proglas.co.rs\/#\/schema\/person\/image\/\",\"url\":\"https:\/\/secure.gravatar.com\/avatar\/c5b711be48a7abbdb3220ab9c70f2cd8133b44966da566aff509bddb351be5fc?s=96&d=mm&r=g\",\"contentUrl\":\"https:\/\/secure.gravatar.com\/avatar\/c5b711be48a7abbdb3220ab9c70f2cd8133b44966da566aff509bddb351be5fc?s=96&d=mm&r=g\",\"caption\":\"ivan\"},\"sameAs\":[\"https:\/\/pg.swipeup.rs\"],\"url\":\"https:\/\/proglas.co.rs\/en\/author\/ivan\/\"}]}<\/script>\n<!-- \/ Yoast SEO plugin. -->","yoast_head_json":{"title":"Pismo potpisnicima ProGlasa: Ostanimo nepokolebljivi u zahtevu za obnovu demokratije - Proglas","robots":{"index":"index","follow":"follow","max-snippet":"max-snippet:-1","max-image-preview":"max-image-preview:large","max-video-preview":"max-video-preview:-1"},"canonical":"https:\/\/proglas.co.rs\/en\/2025\/07\/08\/pismo-potpisnicima-proglasa-ostanimo-nepokolebljivi-u-zahtevu-za-obnovu-demokratije\/","og_locale":"en_US","og_type":"article","og_title":"Pismo potpisnicima ProGlasa: Ostanimo nepokolebljivi u zahtevu za obnovu demokratije - Proglas","og_description":"Po\u0161tovani potpisnici ProGlasa, Ve\u0107 osam meseci studenti i gra\u0111ani tra\u017ee mir za \u017ertve, pravdu za dru\u0161tvo, odgovornost za krivce.Osam meseci svedo\u010dimo najve\u0107em antipopulisti\u010dkom i antiautoritarnom pokretu modernih vremena. Studentski protest prerastao je u masovnu gra\u0111ansku pobunu protiv korupcije, nepravde i nezakonitosti. Re\u017eim Aleksandra Vu\u010di\u0107a u poslednja dva meseca stupio je na put bez povratka, okre\u0107u\u0107i [&hellip;]","og_url":"https:\/\/proglas.co.rs\/en\/2025\/07\/08\/pismo-potpisnicima-proglasa-ostanimo-nepokolebljivi-u-zahtevu-za-obnovu-demokratije\/","og_site_name":"Proglas","article_publisher":"https:\/\/www.facebook.com\/pro.glas.rs?mibextid=9R9pXO","article_published_time":"2025-07-08T11:01:28+00:00","article_modified_time":"2025-07-08T13:13:27+00:00","og_image":[{"width":1920,"height":1080,"url":"https:\/\/proglas.co.rs\/wp-content\/uploads\/2025\/07\/pismo.png","type":"image\/png"}],"author":"ivan","twitter_card":"summary_large_image","twitter_creator":"@pro_glas_rs","twitter_site":"@pro_glas_rs","twitter_misc":{"Written by":"ivan","Est. reading time":"3 minutes"},"schema":{"@context":"https:\/\/schema.org","@graph":[{"@type":"Article","@id":"https:\/\/proglas.co.rs\/2025\/07\/08\/pismo-potpisnicima-proglasa-ostanimo-nepokolebljivi-u-zahtevu-za-obnovu-demokratije\/#article","isPartOf":{"@id":"https:\/\/proglas.co.rs\/2025\/07\/08\/pismo-potpisnicima-proglasa-ostanimo-nepokolebljivi-u-zahtevu-za-obnovu-demokratije\/"},"author":{"name":"ivan","@id":"https:\/\/proglas.co.rs\/#\/schema\/person\/454618ec33c1de7c8c18b296dabc5281"},"headline":"Pismo potpisnicima ProGlasa: Ostanimo nepokolebljivi u zahtevu za obnovu demokratije","datePublished":"2025-07-08T11:01:28+00:00","dateModified":"2025-07-08T13:13:27+00:00","mainEntityOfPage":{"@id":"https:\/\/proglas.co.rs\/2025\/07\/08\/pismo-potpisnicima-proglasa-ostanimo-nepokolebljivi-u-zahtevu-za-obnovu-demokratije\/"},"wordCount":573,"commentCount":0,"publisher":{"@id":"https:\/\/proglas.co.rs\/#organization"},"image":{"@id":"https:\/\/proglas.co.rs\/2025\/07\/08\/pismo-potpisnicima-proglasa-ostanimo-nepokolebljivi-u-zahtevu-za-obnovu-demokratije\/#primaryimage"},"thumbnailUrl":"https:\/\/proglas.co.rs\/wp-content\/uploads\/2025\/07\/pismo.png","articleSection":["ProGlas na terenu"],"inLanguage":"en-US","potentialAction":[{"@type":"CommentAction","name":"Comment","target":["https:\/\/proglas.co.rs\/2025\/07\/08\/pismo-potpisnicima-proglasa-ostanimo-nepokolebljivi-u-zahtevu-za-obnovu-demokratije\/#respond"]}]},{"@type":"WebPage","@id":"https:\/\/proglas.co.rs\/2025\/07\/08\/pismo-potpisnicima-proglasa-ostanimo-nepokolebljivi-u-zahtevu-za-obnovu-demokratije\/","url":"https:\/\/proglas.co.rs\/2025\/07\/08\/pismo-potpisnicima-proglasa-ostanimo-nepokolebljivi-u-zahtevu-za-obnovu-demokratije\/","name":"Pismo potpisnicima ProGlasa: Ostanimo nepokolebljivi u zahtevu za obnovu demokratije - Proglas","isPartOf":{"@id":"https:\/\/proglas.co.rs\/#website"},"primaryImageOfPage":{"@id":"https:\/\/proglas.co.rs\/2025\/07\/08\/pismo-potpisnicima-proglasa-ostanimo-nepokolebljivi-u-zahtevu-za-obnovu-demokratije\/#primaryimage"},"image":{"@id":"https:\/\/proglas.co.rs\/2025\/07\/08\/pismo-potpisnicima-proglasa-ostanimo-nepokolebljivi-u-zahtevu-za-obnovu-demokratije\/#primaryimage"},"thumbnailUrl":"https:\/\/proglas.co.rs\/wp-content\/uploads\/2025\/07\/pismo.png","datePublished":"2025-07-08T11:01:28+00:00","dateModified":"2025-07-08T13:13:27+00:00","breadcrumb":{"@id":"https:\/\/proglas.co.rs\/2025\/07\/08\/pismo-potpisnicima-proglasa-ostanimo-nepokolebljivi-u-zahtevu-za-obnovu-demokratije\/#breadcrumb"},"inLanguage":"en-US","potentialAction":[{"@type":"ReadAction","target":["https:\/\/proglas.co.rs\/2025\/07\/08\/pismo-potpisnicima-proglasa-ostanimo-nepokolebljivi-u-zahtevu-za-obnovu-demokratije\/"]}]},{"@type":"ImageObject","inLanguage":"en-US","@id":"https:\/\/proglas.co.rs\/2025\/07\/08\/pismo-potpisnicima-proglasa-ostanimo-nepokolebljivi-u-zahtevu-za-obnovu-demokratije\/#primaryimage","url":"https:\/\/proglas.co.rs\/wp-content\/uploads\/2025\/07\/pismo.png","contentUrl":"https:\/\/proglas.co.rs\/wp-content\/uploads\/2025\/07\/pismo.png","width":1920,"height":1080},{"@type":"BreadcrumbList","@id":"https:\/\/proglas.co.rs\/2025\/07\/08\/pismo-potpisnicima-proglasa-ostanimo-nepokolebljivi-u-zahtevu-za-obnovu-demokratije\/#breadcrumb","itemListElement":[{"@type":"ListItem","position":1,"name":"Po\u010detna","item":"https:\/\/proglas.co.rs\/"},{"@type":"ListItem","position":2,"name":"Pismo potpisnicima ProGlasa: Ostanimo nepokolebljivi u zahtevu za obnovu demokratije"}]},{"@type":"WebSite","@id":"https:\/\/proglas.co.rs\/#website","url":"https:\/\/proglas.co.rs\/","name":"Proglas","description":"","publisher":{"@id":"https:\/\/proglas.co.rs\/#organization"},"potentialAction":[{"@type":"SearchAction","target":{"@type":"EntryPoint","urlTemplate":"https:\/\/proglas.co.rs\/?s={search_term_string}"},"query-input":{"@type":"PropertyValueSpecification","valueRequired":true,"valueName":"search_term_string"}}],"inLanguage":"en-US"},{"@type":"Organization","@id":"https:\/\/proglas.co.rs\/#organization","name":"Proglas","url":"https:\/\/proglas.co.rs\/","logo":{"@type":"ImageObject","inLanguage":"en-US","@id":"https:\/\/proglas.co.rs\/#\/schema\/logo\/image\/","url":"https:\/\/proglas.co.rs\/wp-content\/uploads\/2024\/03\/prolgas-logo-png.webp","contentUrl":"https:\/\/proglas.co.rs\/wp-content\/uploads\/2024\/03\/prolgas-logo-png.webp","width":388,"height":110,"caption":"Proglas"},"image":{"@id":"https:\/\/proglas.co.rs\/#\/schema\/logo\/image\/"},"sameAs":["https:\/\/www.facebook.com\/pro.glas.rs?mibextid=9R9pXO","https:\/\/x.com\/pro_glas_rs","https:\/\/www.tiktok.com\/@pro_glas_rs?_t=8hC7kX6SLDi&_r=1","https:\/\/www.youtube.com\/@pro_glas_rs\/","https:\/\/instagram.com\/pro_glas_rs?igshid=djcxcGp2emdveDBm"]},{"@type":"Person","@id":"https:\/\/proglas.co.rs\/#\/schema\/person\/454618ec33c1de7c8c18b296dabc5281","name":"ivan","image":{"@type":"ImageObject","inLanguage":"en-US","@id":"https:\/\/proglas.co.rs\/#\/schema\/person\/image\/","url":"https:\/\/secure.gravatar.com\/avatar\/c5b711be48a7abbdb3220ab9c70f2cd8133b44966da566aff509bddb351be5fc?s=96&d=mm&r=g","contentUrl":"https:\/\/secure.gravatar.com\/avatar\/c5b711be48a7abbdb3220ab9c70f2cd8133b44966da566aff509bddb351be5fc?s=96&d=mm&r=g","caption":"ivan"},"sameAs":["https:\/\/pg.swipeup.rs"],"url":"https:\/\/proglas.co.rs\/en\/author\/ivan\/"}]}},"_links":{"self":[{"href":"https:\/\/proglas.co.rs\/en\/wp-json\/wp\/v2\/posts\/10860","targetHints":{"allow":["GET"]}}],"collection":[{"href":"https:\/\/proglas.co.rs\/en\/wp-json\/wp\/v2\/posts"}],"about":[{"href":"https:\/\/proglas.co.rs\/en\/wp-json\/wp\/v2\/types\/post"}],"author":[{"embeddable":true,"href":"https:\/\/proglas.co.rs\/en\/wp-json\/wp\/v2\/users\/1"}],"replies":[{"embeddable":true,"href":"https:\/\/proglas.co.rs\/en\/wp-json\/wp\/v2\/comments?post=10860"}],"version-history":[{"count":1,"href":"https:\/\/proglas.co.rs\/en\/wp-json\/wp\/v2\/posts\/10860\/revisions"}],"predecessor-version":[{"id":10861,"href":"https:\/\/proglas.co.rs\/en\/wp-json\/wp\/v2\/posts\/10860\/revisions\/10861"}],"wp:featuredmedia":[{"embeddable":true,"href":"https:\/\/proglas.co.rs\/en\/wp-json\/wp\/v2\/media\/10862"}],"wp:attachment":[{"href":"https:\/\/proglas.co.rs\/en\/wp-json\/wp\/v2\/media?parent=10860"}],"wp:term":[{"taxonomy":"category","embeddable":true,"href":"https:\/\/proglas.co.rs\/en\/wp-json\/wp\/v2\/categories?post=10860"},{"taxonomy":"post_tag","embeddable":true,"href":"https:\/\/proglas.co.rs\/en\/wp-json\/wp\/v2\/tags?post=10860"}],"curies":[{"name":"wp","href":"https:\/\/api.w.org\/{rel}","templated":true}]}}