{"id":9251,"date":"2023-12-14T14:57:00","date_gmt":"2023-12-14T14:57:00","guid":{"rendered":"https:\/\/pg.swipeup.rs\/?p=9251"},"modified":"2024-03-17T20:01:14","modified_gmt":"2024-03-17T20:01:14","slug":"proglas-u-kikindi-ko-ima-pravo-da-vam-kaze-da-ste-neprijatelji-ove-zemlje","status":"publish","type":"post","link":"https:\/\/proglas.co.rs\/en\/2023\/12\/14\/proglas-u-kikindi-ko-ima-pravo-da-vam-kaze-da-ste-neprijatelji-ove-zemlje\/","title":{"rendered":"ProGlas u Kikindi: \u201eKo ima pravo da vam ka\u017ee da ste neprijatelji ove zemlje\u201c"},"content":{"rendered":"<p>\u201eBitno je da iskoritite svoje bira\u010dko pravo i da svojim glasom pomognete da Srbija postane bolje mesto za \u017eivot. U 20 sati je zavr\u0161na tribina u Beogradu, \u0161to ka\u017eu \u2013 lala za finale\u201c, kazao je Bodro\u017ei\u0107 i pozvao jo\u0161 jednom gra\u0111ane Srbije da iza\u0111u na glasanje u nedelju i \u201eprobaju da izvuku zemlju iz lo\u0161e pozicije kako bismo bili deo moderne, razvijene Evrope\u201c.<\/p>\n\n\n\n<p>Novinarka Biljana Stepanovi\u0107 kazala je na tribini da su svi gra\u0111ani u Srbiji u istoj situaciji.<\/p>\n\n\n\n<p>\u201eJa sam Kragujev\u010danka i svuda nailazim na istu atmosferu, ljudi su \u017eeljni razgovora, da \u010duju ne\u0161to \u0161to nije la\u017e, obmana, \u0161to nije sipanje vatre i besa na neistomi\u0161eljenike\u201c, rekla je.<\/p>\n\n\n\n<p>Kako je dodala, svako ima pravo da ka\u017ee \u0161ta misli.<\/p>\n\n\n\n<blockquote class=\"wp-block-quote is-layout-flow wp-block-quote-is-layout-flow\">\n<p>\u201e<strong>I niko ne mo\u017ee da nam to pravo oduzme. Nama se sada podme\u0107u teze \u2013 da ako mislite druga\u010dije, vi ste neprijatelji ove zemlje. Ko ima pravo da meni ka\u017ee da sam ja neprijatelj ove zemlje. Ja idem po Srbiji jer upravo volim svoju zemlju<\/strong>\u201c, naglasila je.<\/p>\n<\/blockquote>\n\n\n\n<p>Prema njenim re\u010dima, \u010ditava ideja ProGlasa je da se \u201eljudi ka\u017ee da imaju pravo da se bore za svoj \u017eivot, da u\u010destvuju u dru\u0161tvu\u201c.<\/p>\n\n\n\n<p>\u201eNa\u010din za to je da iza\u0111ete na birali\u0161te i glasate. Jer, niko ne sme da vas ucenjuje, da vas trpa u autobuse i da vam daje 2.000 dinara i sendvi\u010d. Tim ljudima ne mo\u017eemo zamerati, oni su dovedeni do kraja i nemaju put dalje. Ja se protiv toga borim, i ljudi iz ProGlasa \u2013 da ne budemo siroma\u0161na zemlja ucenjenih ljudi, onih koji misle da njihov glas ni\u0161ta ne vredi\u201c, rekla je Stepanovi\u0107.<\/p>\n\n\n\n<p>I dodaje:<\/p>\n\n\n\n<p>\u201eNeka je recimo i name\u0161teno, neka postoje i silni pritisci, ali mi smo sigirni da u Srbiji postoji jo\u0161 slobodnih ljudi koji \u0107e iza\u0107i i zaokru\u017eiti koga oni \u017eele\u201c.<\/p>\n\n\n\n<p>Psiholog Aleksandar Baucal izjavio je da je ideja Proglasa bila da pozove \u0161to vi\u0161e gra\u0111ana da iskoriste svoje bira\u010dko pravo.<\/p>\n\n\n\n<p>\u201eI da izraze svoje mi\u0161ljenje kroz glasanje. Mo\u017eemo da razumemo da neko ka\u017ee \u2013 svi su isti, \u0161ta je moj glas, sve su to argimenti o kojima mo\u017eemo da razgovaramo i treba da razgovaramo sa onima koji imaju dileme i poka\u017eemo im da ne treba da propuste priliku da uti\u010du na svoj \u017eivot\u201c, rekao je Baucal.<\/p>\n\n\n\n<p>Prema njegovim re\u010dima, gra\u0111ani su svesni da u dru\u0161tvo ima puno problema.<\/p>\n\n\n\n<blockquote class=\"wp-block-quote is-layout-flow wp-block-quote-is-layout-flow\">\n<p>\u201eA oni nisu jednostavni. Da bismo na\u0161li re\u0161enje, potrebno nam je puno pametnih glava. A svako ko apstinira izbore, gubi tu mogu\u0107nost da izrazi svoje mi\u0161ljenje\u201c, rekao je.<\/p>\n<\/blockquote>","protected":false},"excerpt":{"rendered":"<p>U Kikindi je danas odr\u017eana tribina &#8222;ProGlasa&#8220; na otvorenom, jer kako je re\u010deno, od 2016. Kikinda je &#8222;zabranjeni grad&#8220;. &#8222;Javni prostor se ne moze iznajmiti, ka\u017eu &#8211; ne\u0107e politiku u kulturne prostore. Niko ne mo\u017ee, ali oni mogu&#8220;, rekao je novinar \u017deljko Bodro\u017ei\u0107.<\/p>","protected":false},"author":1,"featured_media":9252,"comment_status":"open","ping_status":"open","sticky":false,"template":"","format":"standard","meta":{"footnotes":""},"categories":[50],"tags":[],"class_list":["post-9251","post","type-post","status-publish","format-standard","has-post-thumbnail","hentry","category-terenske-akcije"],"yoast_head":"<!-- This site is optimized with the Yoast SEO plugin v26.9 - https:\/\/yoast.com\/product\/yoast-seo-wordpress\/ -->\n<title>ProGlas u Kikindi: \u201eKo ima pravo da vam ka\u017ee da ste neprijatelji ove zemlje\u201c - Proglas<\/title>\n<meta name=\"robots\" content=\"index, follow, max-snippet:-1, max-image-preview:large, max-video-preview:-1\" \/>\n<link rel=\"canonical\" href=\"https:\/\/proglas.co.rs\/en\/2023\/12\/14\/proglas-u-kikindi-ko-ima-pravo-da-vam-kaze-da-ste-neprijatelji-ove-zemlje\/\" \/>\n<meta property=\"og:locale\" content=\"en_US\" \/>\n<meta property=\"og:type\" content=\"article\" \/>\n<meta property=\"og:title\" content=\"ProGlas u Kikindi: \u201eKo ima pravo da vam ka\u017ee da ste neprijatelji ove zemlje\u201c - Proglas\" \/>\n<meta property=\"og:description\" content=\"U Kikindi je danas odr\u017eana tribina &quot;ProGlasa&quot; na otvorenom, jer kako je re\u010deno, od 2016. Kikinda je &quot;zabranjeni grad&quot;. &quot;Javni prostor se ne moze iznajmiti, ka\u017eu - ne\u0107e politiku u kulturne prostore. Niko ne mo\u017ee, ali oni mogu&quot;, rekao je novinar \u017deljko Bodro\u017ei\u0107.\" \/>\n<meta property=\"og:url\" content=\"https:\/\/proglas.co.rs\/en\/2023\/12\/14\/proglas-u-kikindi-ko-ima-pravo-da-vam-kaze-da-ste-neprijatelji-ove-zemlje\/\" \/>\n<meta property=\"og:site_name\" content=\"Proglas\" \/>\n<meta property=\"article:publisher\" content=\"https:\/\/www.facebook.com\/pro.glas.rs?mibextid=9R9pXO\" \/>\n<meta property=\"article:published_time\" content=\"2023-12-14T14:57:00+00:00\" \/>\n<meta property=\"article:modified_time\" content=\"2024-03-17T20:01:14+00:00\" \/>\n<meta property=\"og:image\" content=\"https:\/\/proglas.co.rs\/wp-content\/uploads\/2024\/03\/PROGLAS-KIKINDA.jpg\" \/>\n\t<meta property=\"og:image:width\" content=\"750\" \/>\n\t<meta property=\"og:image:height\" content=\"422\" \/>\n\t<meta property=\"og:image:type\" content=\"image\/jpeg\" \/>\n<meta name=\"author\" content=\"ivan\" \/>\n<meta name=\"twitter:card\" content=\"summary_large_image\" \/>\n<meta name=\"twitter:creator\" content=\"@pro_glas_rs\" \/>\n<meta name=\"twitter:site\" content=\"@pro_glas_rs\" \/>\n<meta name=\"twitter:label1\" content=\"Written by\" \/>\n\t<meta name=\"twitter:data1\" content=\"ivan\" \/>\n\t<meta name=\"twitter:label2\" content=\"Est. reading time\" \/>\n\t<meta name=\"twitter:data2\" content=\"2 minutes\" \/>\n<script type=\"application\/ld+json\" class=\"yoast-schema-graph\">{\"@context\":\"https:\/\/schema.org\",\"@graph\":[{\"@type\":\"Article\",\"@id\":\"https:\/\/proglas.co.rs\/2023\/12\/14\/proglas-u-kikindi-ko-ima-pravo-da-vam-kaze-da-ste-neprijatelji-ove-zemlje\/#article\",\"isPartOf\":{\"@id\":\"https:\/\/proglas.co.rs\/2023\/12\/14\/proglas-u-kikindi-ko-ima-pravo-da-vam-kaze-da-ste-neprijatelji-ove-zemlje\/\"},\"author\":{\"name\":\"ivan\",\"@id\":\"https:\/\/proglas.co.rs\/#\/schema\/person\/454618ec33c1de7c8c18b296dabc5281\"},\"headline\":\"ProGlas u Kikindi: \u201eKo ima pravo da vam ka\u017ee da ste neprijatelji ove zemlje\u201c\",\"datePublished\":\"2023-12-14T14:57:00+00:00\",\"dateModified\":\"2024-03-17T20:01:14+00:00\",\"mainEntityOfPage\":{\"@id\":\"https:\/\/proglas.co.rs\/2023\/12\/14\/proglas-u-kikindi-ko-ima-pravo-da-vam-kaze-da-ste-neprijatelji-ove-zemlje\/\"},\"wordCount\":464,\"commentCount\":0,\"publisher\":{\"@id\":\"https:\/\/proglas.co.rs\/#organization\"},\"image\":{\"@id\":\"https:\/\/proglas.co.rs\/2023\/12\/14\/proglas-u-kikindi-ko-ima-pravo-da-vam-kaze-da-ste-neprijatelji-ove-zemlje\/#primaryimage\"},\"thumbnailUrl\":\"https:\/\/proglas.co.rs\/wp-content\/uploads\/2024\/03\/PROGLAS-KIKINDA.jpg\",\"articleSection\":[\"ProGlas na terenu\"],\"inLanguage\":\"en-US\",\"potentialAction\":[{\"@type\":\"CommentAction\",\"name\":\"Comment\",\"target\":[\"https:\/\/proglas.co.rs\/2023\/12\/14\/proglas-u-kikindi-ko-ima-pravo-da-vam-kaze-da-ste-neprijatelji-ove-zemlje\/#respond\"]}]},{\"@type\":\"WebPage\",\"@id\":\"https:\/\/proglas.co.rs\/2023\/12\/14\/proglas-u-kikindi-ko-ima-pravo-da-vam-kaze-da-ste-neprijatelji-ove-zemlje\/\",\"url\":\"https:\/\/proglas.co.rs\/2023\/12\/14\/proglas-u-kikindi-ko-ima-pravo-da-vam-kaze-da-ste-neprijatelji-ove-zemlje\/\",\"name\":\"ProGlas u Kikindi: \u201eKo ima pravo da vam ka\u017ee da ste neprijatelji ove zemlje\u201c - Proglas\",\"isPartOf\":{\"@id\":\"https:\/\/proglas.co.rs\/#website\"},\"primaryImageOfPage\":{\"@id\":\"https:\/\/proglas.co.rs\/2023\/12\/14\/proglas-u-kikindi-ko-ima-pravo-da-vam-kaze-da-ste-neprijatelji-ove-zemlje\/#primaryimage\"},\"image\":{\"@id\":\"https:\/\/proglas.co.rs\/2023\/12\/14\/proglas-u-kikindi-ko-ima-pravo-da-vam-kaze-da-ste-neprijatelji-ove-zemlje\/#primaryimage\"},\"thumbnailUrl\":\"https:\/\/proglas.co.rs\/wp-content\/uploads\/2024\/03\/PROGLAS-KIKINDA.jpg\",\"datePublished\":\"2023-12-14T14:57:00+00:00\",\"dateModified\":\"2024-03-17T20:01:14+00:00\",\"breadcrumb\":{\"@id\":\"https:\/\/proglas.co.rs\/2023\/12\/14\/proglas-u-kikindi-ko-ima-pravo-da-vam-kaze-da-ste-neprijatelji-ove-zemlje\/#breadcrumb\"},\"inLanguage\":\"en-US\",\"potentialAction\":[{\"@type\":\"ReadAction\",\"target\":[\"https:\/\/proglas.co.rs\/2023\/12\/14\/proglas-u-kikindi-ko-ima-pravo-da-vam-kaze-da-ste-neprijatelji-ove-zemlje\/\"]}]},{\"@type\":\"ImageObject\",\"inLanguage\":\"en-US\",\"@id\":\"https:\/\/proglas.co.rs\/2023\/12\/14\/proglas-u-kikindi-ko-ima-pravo-da-vam-kaze-da-ste-neprijatelji-ove-zemlje\/#primaryimage\",\"url\":\"https:\/\/proglas.co.rs\/wp-content\/uploads\/2024\/03\/PROGLAS-KIKINDA.jpg\",\"contentUrl\":\"https:\/\/proglas.co.rs\/wp-content\/uploads\/2024\/03\/PROGLAS-KIKINDA.jpg\",\"width\":750,\"height\":422},{\"@type\":\"BreadcrumbList\",\"@id\":\"https:\/\/proglas.co.rs\/2023\/12\/14\/proglas-u-kikindi-ko-ima-pravo-da-vam-kaze-da-ste-neprijatelji-ove-zemlje\/#breadcrumb\",\"itemListElement\":[{\"@type\":\"ListItem\",\"position\":1,\"name\":\"Po\u010detna\",\"item\":\"https:\/\/proglas.co.rs\/\"},{\"@type\":\"ListItem\",\"position\":2,\"name\":\"ProGlas u Kikindi: \u201eKo ima pravo da vam ka\u017ee da ste neprijatelji ove zemlje\u201c\"}]},{\"@type\":\"WebSite\",\"@id\":\"https:\/\/proglas.co.rs\/#website\",\"url\":\"https:\/\/proglas.co.rs\/\",\"name\":\"Proglas\",\"description\":\"\",\"publisher\":{\"@id\":\"https:\/\/proglas.co.rs\/#organization\"},\"potentialAction\":[{\"@type\":\"SearchAction\",\"target\":{\"@type\":\"EntryPoint\",\"urlTemplate\":\"https:\/\/proglas.co.rs\/?s={search_term_string}\"},\"query-input\":{\"@type\":\"PropertyValueSpecification\",\"valueRequired\":true,\"valueName\":\"search_term_string\"}}],\"inLanguage\":\"en-US\"},{\"@type\":\"Organization\",\"@id\":\"https:\/\/proglas.co.rs\/#organization\",\"name\":\"Proglas\",\"url\":\"https:\/\/proglas.co.rs\/\",\"logo\":{\"@type\":\"ImageObject\",\"inLanguage\":\"en-US\",\"@id\":\"https:\/\/proglas.co.rs\/#\/schema\/logo\/image\/\",\"url\":\"https:\/\/proglas.co.rs\/wp-content\/uploads\/2024\/03\/prolgas-logo-png.webp\",\"contentUrl\":\"https:\/\/proglas.co.rs\/wp-content\/uploads\/2024\/03\/prolgas-logo-png.webp\",\"width\":388,\"height\":110,\"caption\":\"Proglas\"},\"image\":{\"@id\":\"https:\/\/proglas.co.rs\/#\/schema\/logo\/image\/\"},\"sameAs\":[\"https:\/\/www.facebook.com\/pro.glas.rs?mibextid=9R9pXO\",\"https:\/\/x.com\/pro_glas_rs\",\"https:\/\/www.tiktok.com\/@pro_glas_rs?_t=8hC7kX6SLDi&_r=1\",\"https:\/\/www.youtube.com\/@pro_glas_rs\/\",\"https:\/\/instagram.com\/pro_glas_rs?igshid=djcxcGp2emdveDBm\"]},{\"@type\":\"Person\",\"@id\":\"https:\/\/proglas.co.rs\/#\/schema\/person\/454618ec33c1de7c8c18b296dabc5281\",\"name\":\"ivan\",\"image\":{\"@type\":\"ImageObject\",\"inLanguage\":\"en-US\",\"@id\":\"https:\/\/proglas.co.rs\/#\/schema\/person\/image\/\",\"url\":\"https:\/\/secure.gravatar.com\/avatar\/c5b711be48a7abbdb3220ab9c70f2cd8133b44966da566aff509bddb351be5fc?s=96&d=mm&r=g\",\"contentUrl\":\"https:\/\/secure.gravatar.com\/avatar\/c5b711be48a7abbdb3220ab9c70f2cd8133b44966da566aff509bddb351be5fc?s=96&d=mm&r=g\",\"caption\":\"ivan\"},\"sameAs\":[\"https:\/\/pg.swipeup.rs\"],\"url\":\"https:\/\/proglas.co.rs\/en\/author\/ivan\/\"}]}<\/script>\n<!-- \/ Yoast SEO plugin. -->","yoast_head_json":{"title":"ProGlas u Kikindi: \u201eKo ima pravo da vam ka\u017ee da ste neprijatelji ove zemlje\u201c - Proglas","robots":{"index":"index","follow":"follow","max-snippet":"max-snippet:-1","max-image-preview":"max-image-preview:large","max-video-preview":"max-video-preview:-1"},"canonical":"https:\/\/proglas.co.rs\/en\/2023\/12\/14\/proglas-u-kikindi-ko-ima-pravo-da-vam-kaze-da-ste-neprijatelji-ove-zemlje\/","og_locale":"en_US","og_type":"article","og_title":"ProGlas u Kikindi: \u201eKo ima pravo da vam ka\u017ee da ste neprijatelji ove zemlje\u201c - Proglas","og_description":"U Kikindi je danas odr\u017eana tribina \"ProGlasa\" na otvorenom, jer kako je re\u010deno, od 2016. Kikinda je \"zabranjeni grad\". \"Javni prostor se ne moze iznajmiti, ka\u017eu - ne\u0107e politiku u kulturne prostore. Niko ne mo\u017ee, ali oni mogu\", rekao je novinar \u017deljko Bodro\u017ei\u0107.","og_url":"https:\/\/proglas.co.rs\/en\/2023\/12\/14\/proglas-u-kikindi-ko-ima-pravo-da-vam-kaze-da-ste-neprijatelji-ove-zemlje\/","og_site_name":"Proglas","article_publisher":"https:\/\/www.facebook.com\/pro.glas.rs?mibextid=9R9pXO","article_published_time":"2023-12-14T14:57:00+00:00","article_modified_time":"2024-03-17T20:01:14+00:00","og_image":[{"width":750,"height":422,"url":"https:\/\/proglas.co.rs\/wp-content\/uploads\/2024\/03\/PROGLAS-KIKINDA.jpg","type":"image\/jpeg"}],"author":"ivan","twitter_card":"summary_large_image","twitter_creator":"@pro_glas_rs","twitter_site":"@pro_glas_rs","twitter_misc":{"Written by":"ivan","Est. reading time":"2 minutes"},"schema":{"@context":"https:\/\/schema.org","@graph":[{"@type":"Article","@id":"https:\/\/proglas.co.rs\/2023\/12\/14\/proglas-u-kikindi-ko-ima-pravo-da-vam-kaze-da-ste-neprijatelji-ove-zemlje\/#article","isPartOf":{"@id":"https:\/\/proglas.co.rs\/2023\/12\/14\/proglas-u-kikindi-ko-ima-pravo-da-vam-kaze-da-ste-neprijatelji-ove-zemlje\/"},"author":{"name":"ivan","@id":"https:\/\/proglas.co.rs\/#\/schema\/person\/454618ec33c1de7c8c18b296dabc5281"},"headline":"ProGlas u Kikindi: \u201eKo ima pravo da vam ka\u017ee da ste neprijatelji ove zemlje\u201c","datePublished":"2023-12-14T14:57:00+00:00","dateModified":"2024-03-17T20:01:14+00:00","mainEntityOfPage":{"@id":"https:\/\/proglas.co.rs\/2023\/12\/14\/proglas-u-kikindi-ko-ima-pravo-da-vam-kaze-da-ste-neprijatelji-ove-zemlje\/"},"wordCount":464,"commentCount":0,"publisher":{"@id":"https:\/\/proglas.co.rs\/#organization"},"image":{"@id":"https:\/\/proglas.co.rs\/2023\/12\/14\/proglas-u-kikindi-ko-ima-pravo-da-vam-kaze-da-ste-neprijatelji-ove-zemlje\/#primaryimage"},"thumbnailUrl":"https:\/\/proglas.co.rs\/wp-content\/uploads\/2024\/03\/PROGLAS-KIKINDA.jpg","articleSection":["ProGlas na terenu"],"inLanguage":"en-US","potentialAction":[{"@type":"CommentAction","name":"Comment","target":["https:\/\/proglas.co.rs\/2023\/12\/14\/proglas-u-kikindi-ko-ima-pravo-da-vam-kaze-da-ste-neprijatelji-ove-zemlje\/#respond"]}]},{"@type":"WebPage","@id":"https:\/\/proglas.co.rs\/2023\/12\/14\/proglas-u-kikindi-ko-ima-pravo-da-vam-kaze-da-ste-neprijatelji-ove-zemlje\/","url":"https:\/\/proglas.co.rs\/2023\/12\/14\/proglas-u-kikindi-ko-ima-pravo-da-vam-kaze-da-ste-neprijatelji-ove-zemlje\/","name":"ProGlas u Kikindi: \u201eKo ima pravo da vam ka\u017ee da ste neprijatelji ove zemlje\u201c - Proglas","isPartOf":{"@id":"https:\/\/proglas.co.rs\/#website"},"primaryImageOfPage":{"@id":"https:\/\/proglas.co.rs\/2023\/12\/14\/proglas-u-kikindi-ko-ima-pravo-da-vam-kaze-da-ste-neprijatelji-ove-zemlje\/#primaryimage"},"image":{"@id":"https:\/\/proglas.co.rs\/2023\/12\/14\/proglas-u-kikindi-ko-ima-pravo-da-vam-kaze-da-ste-neprijatelji-ove-zemlje\/#primaryimage"},"thumbnailUrl":"https:\/\/proglas.co.rs\/wp-content\/uploads\/2024\/03\/PROGLAS-KIKINDA.jpg","datePublished":"2023-12-14T14:57:00+00:00","dateModified":"2024-03-17T20:01:14+00:00","breadcrumb":{"@id":"https:\/\/proglas.co.rs\/2023\/12\/14\/proglas-u-kikindi-ko-ima-pravo-da-vam-kaze-da-ste-neprijatelji-ove-zemlje\/#breadcrumb"},"inLanguage":"en-US","potentialAction":[{"@type":"ReadAction","target":["https:\/\/proglas.co.rs\/2023\/12\/14\/proglas-u-kikindi-ko-ima-pravo-da-vam-kaze-da-ste-neprijatelji-ove-zemlje\/"]}]},{"@type":"ImageObject","inLanguage":"en-US","@id":"https:\/\/proglas.co.rs\/2023\/12\/14\/proglas-u-kikindi-ko-ima-pravo-da-vam-kaze-da-ste-neprijatelji-ove-zemlje\/#primaryimage","url":"https:\/\/proglas.co.rs\/wp-content\/uploads\/2024\/03\/PROGLAS-KIKINDA.jpg","contentUrl":"https:\/\/proglas.co.rs\/wp-content\/uploads\/2024\/03\/PROGLAS-KIKINDA.jpg","width":750,"height":422},{"@type":"BreadcrumbList","@id":"https:\/\/proglas.co.rs\/2023\/12\/14\/proglas-u-kikindi-ko-ima-pravo-da-vam-kaze-da-ste-neprijatelji-ove-zemlje\/#breadcrumb","itemListElement":[{"@type":"ListItem","position":1,"name":"Po\u010detna","item":"https:\/\/proglas.co.rs\/"},{"@type":"ListItem","position":2,"name":"ProGlas u Kikindi: \u201eKo ima pravo da vam ka\u017ee da ste neprijatelji ove zemlje\u201c"}]},{"@type":"WebSite","@id":"https:\/\/proglas.co.rs\/#website","url":"https:\/\/proglas.co.rs\/","name":"Proglas","description":"","publisher":{"@id":"https:\/\/proglas.co.rs\/#organization"},"potentialAction":[{"@type":"SearchAction","target":{"@type":"EntryPoint","urlTemplate":"https:\/\/proglas.co.rs\/?s={search_term_string}"},"query-input":{"@type":"PropertyValueSpecification","valueRequired":true,"valueName":"search_term_string"}}],"inLanguage":"en-US"},{"@type":"Organization","@id":"https:\/\/proglas.co.rs\/#organization","name":"Proglas","url":"https:\/\/proglas.co.rs\/","logo":{"@type":"ImageObject","inLanguage":"en-US","@id":"https:\/\/proglas.co.rs\/#\/schema\/logo\/image\/","url":"https:\/\/proglas.co.rs\/wp-content\/uploads\/2024\/03\/prolgas-logo-png.webp","contentUrl":"https:\/\/proglas.co.rs\/wp-content\/uploads\/2024\/03\/prolgas-logo-png.webp","width":388,"height":110,"caption":"Proglas"},"image":{"@id":"https:\/\/proglas.co.rs\/#\/schema\/logo\/image\/"},"sameAs":["https:\/\/www.facebook.com\/pro.glas.rs?mibextid=9R9pXO","https:\/\/x.com\/pro_glas_rs","https:\/\/www.tiktok.com\/@pro_glas_rs?_t=8hC7kX6SLDi&_r=1","https:\/\/www.youtube.com\/@pro_glas_rs\/","https:\/\/instagram.com\/pro_glas_rs?igshid=djcxcGp2emdveDBm"]},{"@type":"Person","@id":"https:\/\/proglas.co.rs\/#\/schema\/person\/454618ec33c1de7c8c18b296dabc5281","name":"ivan","image":{"@type":"ImageObject","inLanguage":"en-US","@id":"https:\/\/proglas.co.rs\/#\/schema\/person\/image\/","url":"https:\/\/secure.gravatar.com\/avatar\/c5b711be48a7abbdb3220ab9c70f2cd8133b44966da566aff509bddb351be5fc?s=96&d=mm&r=g","contentUrl":"https:\/\/secure.gravatar.com\/avatar\/c5b711be48a7abbdb3220ab9c70f2cd8133b44966da566aff509bddb351be5fc?s=96&d=mm&r=g","caption":"ivan"},"sameAs":["https:\/\/pg.swipeup.rs"],"url":"https:\/\/proglas.co.rs\/en\/author\/ivan\/"}]}},"_links":{"self":[{"href":"https:\/\/proglas.co.rs\/en\/wp-json\/wp\/v2\/posts\/9251","targetHints":{"allow":["GET"]}}],"collection":[{"href":"https:\/\/proglas.co.rs\/en\/wp-json\/wp\/v2\/posts"}],"about":[{"href":"https:\/\/proglas.co.rs\/en\/wp-json\/wp\/v2\/types\/post"}],"author":[{"embeddable":true,"href":"https:\/\/proglas.co.rs\/en\/wp-json\/wp\/v2\/users\/1"}],"replies":[{"embeddable":true,"href":"https:\/\/proglas.co.rs\/en\/wp-json\/wp\/v2\/comments?post=9251"}],"version-history":[{"count":1,"href":"https:\/\/proglas.co.rs\/en\/wp-json\/wp\/v2\/posts\/9251\/revisions"}],"predecessor-version":[{"id":9253,"href":"https:\/\/proglas.co.rs\/en\/wp-json\/wp\/v2\/posts\/9251\/revisions\/9253"}],"wp:featuredmedia":[{"embeddable":true,"href":"https:\/\/proglas.co.rs\/en\/wp-json\/wp\/v2\/media\/9252"}],"wp:attachment":[{"href":"https:\/\/proglas.co.rs\/en\/wp-json\/wp\/v2\/media?parent=9251"}],"wp:term":[{"taxonomy":"category","embeddable":true,"href":"https:\/\/proglas.co.rs\/en\/wp-json\/wp\/v2\/categories?post=9251"},{"taxonomy":"post_tag","embeddable":true,"href":"https:\/\/proglas.co.rs\/en\/wp-json\/wp\/v2\/tags?post=9251"}],"curies":[{"name":"wp","href":"https:\/\/api.w.org\/{rel}","templated":true}]}}