{"id":9662,"date":"2024-04-02T19:15:00","date_gmt":"2024-04-02T19:15:00","guid":{"rendered":"https:\/\/pg.swipeup.rs\/?p=9662"},"modified":"2024-04-06T19:36:11","modified_gmt":"2024-04-06T19:36:11","slug":"glas-mnogih-studenata-se-ne-cuje-tribina-proglasa-o-organizovanju-na-fakultetima","status":"publish","type":"post","link":"https:\/\/proglas.co.rs\/en\/2024\/04\/02\/glas-mnogih-studenata-se-ne-cuje-tribina-proglasa-o-organizovanju-na-fakultetima\/","title":{"rendered":"\u201eGlas mnogih studenata se ne \u010duje\u201c: Tribina ProGlasa o organizovanju na fakultetima"},"content":{"rendered":"<p><strong>Studenti su veoma inertni i nezainteresovani za rad studentskih parlamenata, dok su, sa druge strane, studentski izbori \u010desto nedemokratski, a postoje\u0107i Zakon o studenstkom organizivanju onemogu\u0107ava studentima da se izbore za svoja prava, zaklju\u010dak je dana\u0161nje tribine ProGlasa&nbsp;\u201eDa li se \u010duje glas studenata na fakultetima?\u201c.<\/strong><\/p>\n\n\n\n<p>Profesorka Tehnolo\u0161ko-metalur\u0161kog fakulteta<strong> Ivanka Popovi\u0107<\/strong> rekla je, pozivaju\u0107i se na istra\u017eivanje Krovne organizacije mladih Srbije, da <strong>na studentske izbore izlazi manje od 10 odsto studentske populacije, a u najboljem slu\u010daju 15 odsto<\/strong>.<\/p>\n\n\n\n<p>Prema njenim re\u010dima, najve\u0107i broj studenata ne zna kako funkcioni\u0161u studentski izbori, a spremnost za anga\u017eovanje u studentskim aktivnostima, osim \u0161kolskih, izuzetno je mala.<\/p>\n\n\n\n<p>Osim nezainteresovanosti studenata za organizovanje i u\u010de\u0161\u0107e u radu upravnih tela fakulteta i univerziteta, problem je i ravnodu\u0161no\u0161nost nastavnika za to \u0161ta radi studentski parlament, tvrdi Popovi\u0107.<\/p>\n\n\n\n<p>Profesor Pravnog fakulteta<strong> Goran Dajovi\u0107 <\/strong>kazao je da je profesionalizam u studentskom organizovanju jedan vid karijerne promocije i put ka ulasku u politiku.<\/p>\n\n\n\n<p>Drugi razloga za bavljenje studenskim organizovanjem naj\u010de\u0161\u0107e je novac, smatra on.<\/p>\n\n\n\n<p>Prema njegovim re\u010dima, mnogi studentski organizatori sa Pravnog fakulteta postali su dr\u017eavni funkcioneri, tako da studentske organizacije \u010desto slu\u017ee kao regrutne baze.<\/p>\n\n\n\n<p>Dajovi\u0107 nagla\u0161ava da Zakon o studentskom organizovanju favorizuje oligarhijske strukture, odnosno studente koji dr\u017ee monopol nad studentskim parlamentom.<\/p>\n\n\n\n<figure class=\"wp-block-image size-large\"><img fetchpriority=\"high\" decoding=\"async\" width=\"1024\" height=\"768\" src=\"https:\/\/pg.swipeup.rs\/wp-content\/uploads\/2024\/04\/ProGlas-Tribina-Studenti-Beograd-2-1024x768.jpg\" alt=\"\" class=\"wp-image-9663\" srcset=\"https:\/\/proglas.co.rs\/wp-content\/uploads\/2024\/04\/ProGlas-Tribina-Studenti-Beograd-2-1024x768.jpg 1024w, https:\/\/proglas.co.rs\/wp-content\/uploads\/2024\/04\/ProGlas-Tribina-Studenti-Beograd-2-300x225.jpg 300w, https:\/\/proglas.co.rs\/wp-content\/uploads\/2024\/04\/ProGlas-Tribina-Studenti-Beograd-2-768x576.jpg 768w, https:\/\/proglas.co.rs\/wp-content\/uploads\/2024\/04\/ProGlas-Tribina-Studenti-Beograd-2-1536x1152.jpg 1536w, https:\/\/proglas.co.rs\/wp-content\/uploads\/2024\/04\/ProGlas-Tribina-Studenti-Beograd-2-2048x1536.jpg 2048w\" sizes=\"(max-width: 1024px) 100vw, 1024px\" \/><\/figure>\n\n\n\n<p>Studentkinja Fakulteta politi\u010dkih nauka <strong>Emilija Milenkovi\u0107 <\/strong>rekla je da je rad studentskih parlamenata netransparentan i da je proces studentskih izbora \u010desto nelegitiman.<\/p>\n\n\n\n<p>Ona je govorila o tome kako je te\u0161ko registrovati studentsku organizaciju, jer je potrebno dvostepeno registrovanje \u2013 najpre u APR, a zatim i pri fakultetu.<\/p>\n\n\n\n<p>Problem je, tvrdi Milenkovi\u0107, u tome \u0161to su u komisiji na fakultetu koja odlu\u010duje o registraciji organizacije studenti koji su na vlasti na fakultetu, tako da oni ne dozvoljavaju upliv novih organizacija koje bi mogle da ih ugroze na izborima.<\/p>\n\n\n\n<p>Studentkinja Medicinskog fakulteta u Beogradu <strong>Mia Puri\u0107 <\/strong>rekla je da studenti koji se bave studetnskim organizovanjem \u010desto ulaze u sve to vo\u0111eni finansijskim interesima, jer se na tim pozicijama \u201evrte velike koli\u010dine novca\u201c.<\/p>\n\n\n\n<p>Pored toga, kako je kazala, tu ima prostora za borbu za li\u010dne i partijske interese.<\/p>\n\n\n\n<p>\u201eVa\u017ean je aktivizam na fakultetu i da biramo na\u0161e predstavnike, jer biramo ljude koji \u0107e da zastupaju ono \u0161to je dobro za nas\u201c, poru\u010dila je Puri\u0107.<\/p>\n\n\n\n<figure class=\"wp-block-embed is-type-video is-provider-youtube wp-block-embed-youtube wp-embed-aspect-16-9 wp-has-aspect-ratio\"><div class=\"wp-block-embed__wrapper\">\n<iframe title=\"Tribina ProGlasa \u2013 Da li se \u010duje glas studenata na fakultetima?\" width=\"640\" height=\"360\" src=\"https:\/\/www.youtube.com\/embed\/AEggzuDA6AU?feature=oembed\" frameborder=\"0\" allow=\"accelerometer; autoplay; clipboard-write; encrypted-media; gyroscope; picture-in-picture; web-share\" referrerpolicy=\"strict-origin-when-cross-origin\" allowfullscreen><\/iframe>\n<\/div><\/figure>\n\n\n\n<p>Student Filozofskog fakulteta <strong>Vuka\u0161in \u017duni\u0107 <\/strong>naveo je da je na fakultetima najbolje primeniti delegatski sistem u studenstkom organizovanju.<\/p>\n\n\n\n<p>Naveo je primer blokade Filozofskog fakulteta 2014. godine, rekav\u0161i da su tada studenti organizovali zborove na kojima su mogli da u\u010destvuju svi studenti.<\/p>\n\n\n\n<p>On je zaklju\u010dio da se glas mnogih studenata ne \u010duje, jer veliki broj njih radi i ima druge obaveze.<\/p>\n\n\n\n<p>\u201eOni nemaju vremena da iska\u017eu \u0161ta misle\u201c, kazao je \u017duni\u0107, dodaju\u0107i da u budu\u0107nosti treba re\u0161avati pre svega materijalne probleme studenata, ali da i studenti moraju da se uklju\u010de i da pomnije prate dru\u0161tvene mre\u017ee i sajt fakulteta, jer se radi o njihovom polo\u017eaju na fakultetu.<\/p>","protected":false},"excerpt":{"rendered":"<p>Tribina &#8222;\u010cuje li se glas studenata na fakutetima?&#8220; odr\u017eana je ovog utorka u Beogradu, a jedan od glavnih zaklju\u010daka je da Zakon o studentskom organizivanju onemogu\u0107ava studentima da se izbore za svoja prava.<\/p>","protected":false},"author":1,"featured_media":9664,"comment_status":"open","ping_status":"open","sticky":false,"template":"","format":"standard","meta":{"footnotes":""},"categories":[50],"tags":[],"class_list":["post-9662","post","type-post","status-publish","format-standard","has-post-thumbnail","hentry","category-terenske-akcije"],"yoast_head":"<!-- This site is optimized with the Yoast SEO plugin v26.9 - https:\/\/yoast.com\/product\/yoast-seo-wordpress\/ -->\n<title>\u201eGlas mnogih studenata se ne \u010duje\u201c: Tribina ProGlasa o organizovanju na fakultetima - Proglas<\/title>\n<meta name=\"robots\" content=\"index, follow, max-snippet:-1, max-image-preview:large, max-video-preview:-1\" \/>\n<link rel=\"canonical\" href=\"https:\/\/proglas.co.rs\/en\/2024\/04\/02\/glas-mnogih-studenata-se-ne-cuje-tribina-proglasa-o-organizovanju-na-fakultetima\/\" \/>\n<meta property=\"og:locale\" content=\"en_US\" \/>\n<meta property=\"og:type\" content=\"article\" \/>\n<meta property=\"og:title\" content=\"\u201eGlas mnogih studenata se ne \u010duje\u201c: Tribina ProGlasa o organizovanju na fakultetima - Proglas\" \/>\n<meta property=\"og:description\" content=\"Tribina &quot;\u010cuje li se glas studenata na fakutetima?&quot; odr\u017eana je ovog utorka u Beogradu, a jedan od glavnih zaklju\u010daka je da Zakon o studentskom organizivanju onemogu\u0107ava studentima da se izbore za svoja prava.\" \/>\n<meta property=\"og:url\" content=\"https:\/\/proglas.co.rs\/en\/2024\/04\/02\/glas-mnogih-studenata-se-ne-cuje-tribina-proglasa-o-organizovanju-na-fakultetima\/\" \/>\n<meta property=\"og:site_name\" content=\"Proglas\" \/>\n<meta property=\"article:publisher\" content=\"https:\/\/www.facebook.com\/pro.glas.rs?mibextid=9R9pXO\" \/>\n<meta property=\"article:published_time\" content=\"2024-04-02T19:15:00+00:00\" \/>\n<meta property=\"article:modified_time\" content=\"2024-04-06T19:36:11+00:00\" \/>\n<meta property=\"og:image\" content=\"https:\/\/proglas.co.rs\/wp-content\/uploads\/2024\/04\/ProGlas-Tribina-Studenti-Beograd-1-scaled.jpg\" \/>\n\t<meta property=\"og:image:width\" content=\"2560\" \/>\n\t<meta property=\"og:image:height\" content=\"1920\" \/>\n\t<meta property=\"og:image:type\" content=\"image\/jpeg\" \/>\n<meta name=\"author\" content=\"ivan\" \/>\n<meta name=\"twitter:card\" content=\"summary_large_image\" \/>\n<meta name=\"twitter:creator\" content=\"@pro_glas_rs\" \/>\n<meta name=\"twitter:site\" content=\"@pro_glas_rs\" \/>\n<meta name=\"twitter:label1\" content=\"Written by\" \/>\n\t<meta name=\"twitter:data1\" content=\"ivan\" \/>\n\t<meta name=\"twitter:label2\" content=\"Est. reading time\" \/>\n\t<meta name=\"twitter:data2\" content=\"3 minutes\" \/>\n<script type=\"application\/ld+json\" class=\"yoast-schema-graph\">{\"@context\":\"https:\/\/schema.org\",\"@graph\":[{\"@type\":\"Article\",\"@id\":\"https:\/\/proglas.co.rs\/2024\/04\/02\/glas-mnogih-studenata-se-ne-cuje-tribina-proglasa-o-organizovanju-na-fakultetima\/#article\",\"isPartOf\":{\"@id\":\"https:\/\/proglas.co.rs\/2024\/04\/02\/glas-mnogih-studenata-se-ne-cuje-tribina-proglasa-o-organizovanju-na-fakultetima\/\"},\"author\":{\"name\":\"ivan\",\"@id\":\"https:\/\/proglas.co.rs\/#\/schema\/person\/454618ec33c1de7c8c18b296dabc5281\"},\"headline\":\"\u201eGlas mnogih studenata se ne \u010duje\u201c: Tribina ProGlasa o organizovanju na fakultetima\",\"datePublished\":\"2024-04-02T19:15:00+00:00\",\"dateModified\":\"2024-04-06T19:36:11+00:00\",\"mainEntityOfPage\":{\"@id\":\"https:\/\/proglas.co.rs\/2024\/04\/02\/glas-mnogih-studenata-se-ne-cuje-tribina-proglasa-o-organizovanju-na-fakultetima\/\"},\"wordCount\":534,\"commentCount\":0,\"publisher\":{\"@id\":\"https:\/\/proglas.co.rs\/#organization\"},\"image\":{\"@id\":\"https:\/\/proglas.co.rs\/2024\/04\/02\/glas-mnogih-studenata-se-ne-cuje-tribina-proglasa-o-organizovanju-na-fakultetima\/#primaryimage\"},\"thumbnailUrl\":\"https:\/\/proglas.co.rs\/wp-content\/uploads\/2024\/04\/ProGlas-Tribina-Studenti-Beograd-1-scaled.jpg\",\"articleSection\":[\"ProGlas na terenu\"],\"inLanguage\":\"en-US\",\"potentialAction\":[{\"@type\":\"CommentAction\",\"name\":\"Comment\",\"target\":[\"https:\/\/proglas.co.rs\/2024\/04\/02\/glas-mnogih-studenata-se-ne-cuje-tribina-proglasa-o-organizovanju-na-fakultetima\/#respond\"]}]},{\"@type\":\"WebPage\",\"@id\":\"https:\/\/proglas.co.rs\/2024\/04\/02\/glas-mnogih-studenata-se-ne-cuje-tribina-proglasa-o-organizovanju-na-fakultetima\/\",\"url\":\"https:\/\/proglas.co.rs\/2024\/04\/02\/glas-mnogih-studenata-se-ne-cuje-tribina-proglasa-o-organizovanju-na-fakultetima\/\",\"name\":\"\u201eGlas mnogih studenata se ne \u010duje\u201c: Tribina ProGlasa o organizovanju na fakultetima - Proglas\",\"isPartOf\":{\"@id\":\"https:\/\/proglas.co.rs\/#website\"},\"primaryImageOfPage\":{\"@id\":\"https:\/\/proglas.co.rs\/2024\/04\/02\/glas-mnogih-studenata-se-ne-cuje-tribina-proglasa-o-organizovanju-na-fakultetima\/#primaryimage\"},\"image\":{\"@id\":\"https:\/\/proglas.co.rs\/2024\/04\/02\/glas-mnogih-studenata-se-ne-cuje-tribina-proglasa-o-organizovanju-na-fakultetima\/#primaryimage\"},\"thumbnailUrl\":\"https:\/\/proglas.co.rs\/wp-content\/uploads\/2024\/04\/ProGlas-Tribina-Studenti-Beograd-1-scaled.jpg\",\"datePublished\":\"2024-04-02T19:15:00+00:00\",\"dateModified\":\"2024-04-06T19:36:11+00:00\",\"breadcrumb\":{\"@id\":\"https:\/\/proglas.co.rs\/2024\/04\/02\/glas-mnogih-studenata-se-ne-cuje-tribina-proglasa-o-organizovanju-na-fakultetima\/#breadcrumb\"},\"inLanguage\":\"en-US\",\"potentialAction\":[{\"@type\":\"ReadAction\",\"target\":[\"https:\/\/proglas.co.rs\/2024\/04\/02\/glas-mnogih-studenata-se-ne-cuje-tribina-proglasa-o-organizovanju-na-fakultetima\/\"]}]},{\"@type\":\"ImageObject\",\"inLanguage\":\"en-US\",\"@id\":\"https:\/\/proglas.co.rs\/2024\/04\/02\/glas-mnogih-studenata-se-ne-cuje-tribina-proglasa-o-organizovanju-na-fakultetima\/#primaryimage\",\"url\":\"https:\/\/proglas.co.rs\/wp-content\/uploads\/2024\/04\/ProGlas-Tribina-Studenti-Beograd-1-scaled.jpg\",\"contentUrl\":\"https:\/\/proglas.co.rs\/wp-content\/uploads\/2024\/04\/ProGlas-Tribina-Studenti-Beograd-1-scaled.jpg\",\"width\":2560,\"height\":1920},{\"@type\":\"BreadcrumbList\",\"@id\":\"https:\/\/proglas.co.rs\/2024\/04\/02\/glas-mnogih-studenata-se-ne-cuje-tribina-proglasa-o-organizovanju-na-fakultetima\/#breadcrumb\",\"itemListElement\":[{\"@type\":\"ListItem\",\"position\":1,\"name\":\"Po\u010detna\",\"item\":\"https:\/\/proglas.co.rs\/\"},{\"@type\":\"ListItem\",\"position\":2,\"name\":\"\u201eGlas mnogih studenata se ne \u010duje\u201c: Tribina ProGlasa o organizovanju na fakultetima\"}]},{\"@type\":\"WebSite\",\"@id\":\"https:\/\/proglas.co.rs\/#website\",\"url\":\"https:\/\/proglas.co.rs\/\",\"name\":\"Proglas\",\"description\":\"\",\"publisher\":{\"@id\":\"https:\/\/proglas.co.rs\/#organization\"},\"potentialAction\":[{\"@type\":\"SearchAction\",\"target\":{\"@type\":\"EntryPoint\",\"urlTemplate\":\"https:\/\/proglas.co.rs\/?s={search_term_string}\"},\"query-input\":{\"@type\":\"PropertyValueSpecification\",\"valueRequired\":true,\"valueName\":\"search_term_string\"}}],\"inLanguage\":\"en-US\"},{\"@type\":\"Organization\",\"@id\":\"https:\/\/proglas.co.rs\/#organization\",\"name\":\"Proglas\",\"url\":\"https:\/\/proglas.co.rs\/\",\"logo\":{\"@type\":\"ImageObject\",\"inLanguage\":\"en-US\",\"@id\":\"https:\/\/proglas.co.rs\/#\/schema\/logo\/image\/\",\"url\":\"https:\/\/proglas.co.rs\/wp-content\/uploads\/2024\/03\/prolgas-logo-png.webp\",\"contentUrl\":\"https:\/\/proglas.co.rs\/wp-content\/uploads\/2024\/03\/prolgas-logo-png.webp\",\"width\":388,\"height\":110,\"caption\":\"Proglas\"},\"image\":{\"@id\":\"https:\/\/proglas.co.rs\/#\/schema\/logo\/image\/\"},\"sameAs\":[\"https:\/\/www.facebook.com\/pro.glas.rs?mibextid=9R9pXO\",\"https:\/\/x.com\/pro_glas_rs\",\"https:\/\/www.tiktok.com\/@pro_glas_rs?_t=8hC7kX6SLDi&_r=1\",\"https:\/\/www.youtube.com\/@pro_glas_rs\/\",\"https:\/\/instagram.com\/pro_glas_rs?igshid=djcxcGp2emdveDBm\"]},{\"@type\":\"Person\",\"@id\":\"https:\/\/proglas.co.rs\/#\/schema\/person\/454618ec33c1de7c8c18b296dabc5281\",\"name\":\"ivan\",\"image\":{\"@type\":\"ImageObject\",\"inLanguage\":\"en-US\",\"@id\":\"https:\/\/proglas.co.rs\/#\/schema\/person\/image\/\",\"url\":\"https:\/\/secure.gravatar.com\/avatar\/c5b711be48a7abbdb3220ab9c70f2cd8133b44966da566aff509bddb351be5fc?s=96&d=mm&r=g\",\"contentUrl\":\"https:\/\/secure.gravatar.com\/avatar\/c5b711be48a7abbdb3220ab9c70f2cd8133b44966da566aff509bddb351be5fc?s=96&d=mm&r=g\",\"caption\":\"ivan\"},\"sameAs\":[\"https:\/\/pg.swipeup.rs\"],\"url\":\"https:\/\/proglas.co.rs\/en\/author\/ivan\/\"}]}<\/script>\n<!-- \/ Yoast SEO plugin. -->","yoast_head_json":{"title":"\u201eGlas mnogih studenata se ne \u010duje\u201c: Tribina ProGlasa o organizovanju na fakultetima - Proglas","robots":{"index":"index","follow":"follow","max-snippet":"max-snippet:-1","max-image-preview":"max-image-preview:large","max-video-preview":"max-video-preview:-1"},"canonical":"https:\/\/proglas.co.rs\/en\/2024\/04\/02\/glas-mnogih-studenata-se-ne-cuje-tribina-proglasa-o-organizovanju-na-fakultetima\/","og_locale":"en_US","og_type":"article","og_title":"\u201eGlas mnogih studenata se ne \u010duje\u201c: Tribina ProGlasa o organizovanju na fakultetima - Proglas","og_description":"Tribina \"\u010cuje li se glas studenata na fakutetima?\" odr\u017eana je ovog utorka u Beogradu, a jedan od glavnih zaklju\u010daka je da Zakon o studentskom organizivanju onemogu\u0107ava studentima da se izbore za svoja prava.","og_url":"https:\/\/proglas.co.rs\/en\/2024\/04\/02\/glas-mnogih-studenata-se-ne-cuje-tribina-proglasa-o-organizovanju-na-fakultetima\/","og_site_name":"Proglas","article_publisher":"https:\/\/www.facebook.com\/pro.glas.rs?mibextid=9R9pXO","article_published_time":"2024-04-02T19:15:00+00:00","article_modified_time":"2024-04-06T19:36:11+00:00","og_image":[{"width":2560,"height":1920,"url":"https:\/\/proglas.co.rs\/wp-content\/uploads\/2024\/04\/ProGlas-Tribina-Studenti-Beograd-1-scaled.jpg","type":"image\/jpeg"}],"author":"ivan","twitter_card":"summary_large_image","twitter_creator":"@pro_glas_rs","twitter_site":"@pro_glas_rs","twitter_misc":{"Written by":"ivan","Est. reading time":"3 minutes"},"schema":{"@context":"https:\/\/schema.org","@graph":[{"@type":"Article","@id":"https:\/\/proglas.co.rs\/2024\/04\/02\/glas-mnogih-studenata-se-ne-cuje-tribina-proglasa-o-organizovanju-na-fakultetima\/#article","isPartOf":{"@id":"https:\/\/proglas.co.rs\/2024\/04\/02\/glas-mnogih-studenata-se-ne-cuje-tribina-proglasa-o-organizovanju-na-fakultetima\/"},"author":{"name":"ivan","@id":"https:\/\/proglas.co.rs\/#\/schema\/person\/454618ec33c1de7c8c18b296dabc5281"},"headline":"\u201eGlas mnogih studenata se ne \u010duje\u201c: Tribina ProGlasa o organizovanju na fakultetima","datePublished":"2024-04-02T19:15:00+00:00","dateModified":"2024-04-06T19:36:11+00:00","mainEntityOfPage":{"@id":"https:\/\/proglas.co.rs\/2024\/04\/02\/glas-mnogih-studenata-se-ne-cuje-tribina-proglasa-o-organizovanju-na-fakultetima\/"},"wordCount":534,"commentCount":0,"publisher":{"@id":"https:\/\/proglas.co.rs\/#organization"},"image":{"@id":"https:\/\/proglas.co.rs\/2024\/04\/02\/glas-mnogih-studenata-se-ne-cuje-tribina-proglasa-o-organizovanju-na-fakultetima\/#primaryimage"},"thumbnailUrl":"https:\/\/proglas.co.rs\/wp-content\/uploads\/2024\/04\/ProGlas-Tribina-Studenti-Beograd-1-scaled.jpg","articleSection":["ProGlas na terenu"],"inLanguage":"en-US","potentialAction":[{"@type":"CommentAction","name":"Comment","target":["https:\/\/proglas.co.rs\/2024\/04\/02\/glas-mnogih-studenata-se-ne-cuje-tribina-proglasa-o-organizovanju-na-fakultetima\/#respond"]}]},{"@type":"WebPage","@id":"https:\/\/proglas.co.rs\/2024\/04\/02\/glas-mnogih-studenata-se-ne-cuje-tribina-proglasa-o-organizovanju-na-fakultetima\/","url":"https:\/\/proglas.co.rs\/2024\/04\/02\/glas-mnogih-studenata-se-ne-cuje-tribina-proglasa-o-organizovanju-na-fakultetima\/","name":"\u201eGlas mnogih studenata se ne \u010duje\u201c: Tribina ProGlasa o organizovanju na fakultetima - Proglas","isPartOf":{"@id":"https:\/\/proglas.co.rs\/#website"},"primaryImageOfPage":{"@id":"https:\/\/proglas.co.rs\/2024\/04\/02\/glas-mnogih-studenata-se-ne-cuje-tribina-proglasa-o-organizovanju-na-fakultetima\/#primaryimage"},"image":{"@id":"https:\/\/proglas.co.rs\/2024\/04\/02\/glas-mnogih-studenata-se-ne-cuje-tribina-proglasa-o-organizovanju-na-fakultetima\/#primaryimage"},"thumbnailUrl":"https:\/\/proglas.co.rs\/wp-content\/uploads\/2024\/04\/ProGlas-Tribina-Studenti-Beograd-1-scaled.jpg","datePublished":"2024-04-02T19:15:00+00:00","dateModified":"2024-04-06T19:36:11+00:00","breadcrumb":{"@id":"https:\/\/proglas.co.rs\/2024\/04\/02\/glas-mnogih-studenata-se-ne-cuje-tribina-proglasa-o-organizovanju-na-fakultetima\/#breadcrumb"},"inLanguage":"en-US","potentialAction":[{"@type":"ReadAction","target":["https:\/\/proglas.co.rs\/2024\/04\/02\/glas-mnogih-studenata-se-ne-cuje-tribina-proglasa-o-organizovanju-na-fakultetima\/"]}]},{"@type":"ImageObject","inLanguage":"en-US","@id":"https:\/\/proglas.co.rs\/2024\/04\/02\/glas-mnogih-studenata-se-ne-cuje-tribina-proglasa-o-organizovanju-na-fakultetima\/#primaryimage","url":"https:\/\/proglas.co.rs\/wp-content\/uploads\/2024\/04\/ProGlas-Tribina-Studenti-Beograd-1-scaled.jpg","contentUrl":"https:\/\/proglas.co.rs\/wp-content\/uploads\/2024\/04\/ProGlas-Tribina-Studenti-Beograd-1-scaled.jpg","width":2560,"height":1920},{"@type":"BreadcrumbList","@id":"https:\/\/proglas.co.rs\/2024\/04\/02\/glas-mnogih-studenata-se-ne-cuje-tribina-proglasa-o-organizovanju-na-fakultetima\/#breadcrumb","itemListElement":[{"@type":"ListItem","position":1,"name":"Po\u010detna","item":"https:\/\/proglas.co.rs\/"},{"@type":"ListItem","position":2,"name":"\u201eGlas mnogih studenata se ne \u010duje\u201c: Tribina ProGlasa o organizovanju na fakultetima"}]},{"@type":"WebSite","@id":"https:\/\/proglas.co.rs\/#website","url":"https:\/\/proglas.co.rs\/","name":"Proglas","description":"","publisher":{"@id":"https:\/\/proglas.co.rs\/#organization"},"potentialAction":[{"@type":"SearchAction","target":{"@type":"EntryPoint","urlTemplate":"https:\/\/proglas.co.rs\/?s={search_term_string}"},"query-input":{"@type":"PropertyValueSpecification","valueRequired":true,"valueName":"search_term_string"}}],"inLanguage":"en-US"},{"@type":"Organization","@id":"https:\/\/proglas.co.rs\/#organization","name":"Proglas","url":"https:\/\/proglas.co.rs\/","logo":{"@type":"ImageObject","inLanguage":"en-US","@id":"https:\/\/proglas.co.rs\/#\/schema\/logo\/image\/","url":"https:\/\/proglas.co.rs\/wp-content\/uploads\/2024\/03\/prolgas-logo-png.webp","contentUrl":"https:\/\/proglas.co.rs\/wp-content\/uploads\/2024\/03\/prolgas-logo-png.webp","width":388,"height":110,"caption":"Proglas"},"image":{"@id":"https:\/\/proglas.co.rs\/#\/schema\/logo\/image\/"},"sameAs":["https:\/\/www.facebook.com\/pro.glas.rs?mibextid=9R9pXO","https:\/\/x.com\/pro_glas_rs","https:\/\/www.tiktok.com\/@pro_glas_rs?_t=8hC7kX6SLDi&_r=1","https:\/\/www.youtube.com\/@pro_glas_rs\/","https:\/\/instagram.com\/pro_glas_rs?igshid=djcxcGp2emdveDBm"]},{"@type":"Person","@id":"https:\/\/proglas.co.rs\/#\/schema\/person\/454618ec33c1de7c8c18b296dabc5281","name":"ivan","image":{"@type":"ImageObject","inLanguage":"en-US","@id":"https:\/\/proglas.co.rs\/#\/schema\/person\/image\/","url":"https:\/\/secure.gravatar.com\/avatar\/c5b711be48a7abbdb3220ab9c70f2cd8133b44966da566aff509bddb351be5fc?s=96&d=mm&r=g","contentUrl":"https:\/\/secure.gravatar.com\/avatar\/c5b711be48a7abbdb3220ab9c70f2cd8133b44966da566aff509bddb351be5fc?s=96&d=mm&r=g","caption":"ivan"},"sameAs":["https:\/\/pg.swipeup.rs"],"url":"https:\/\/proglas.co.rs\/en\/author\/ivan\/"}]}},"_links":{"self":[{"href":"https:\/\/proglas.co.rs\/en\/wp-json\/wp\/v2\/posts\/9662","targetHints":{"allow":["GET"]}}],"collection":[{"href":"https:\/\/proglas.co.rs\/en\/wp-json\/wp\/v2\/posts"}],"about":[{"href":"https:\/\/proglas.co.rs\/en\/wp-json\/wp\/v2\/types\/post"}],"author":[{"embeddable":true,"href":"https:\/\/proglas.co.rs\/en\/wp-json\/wp\/v2\/users\/1"}],"replies":[{"embeddable":true,"href":"https:\/\/proglas.co.rs\/en\/wp-json\/wp\/v2\/comments?post=9662"}],"version-history":[{"count":19,"href":"https:\/\/proglas.co.rs\/en\/wp-json\/wp\/v2\/posts\/9662\/revisions"}],"predecessor-version":[{"id":9832,"href":"https:\/\/proglas.co.rs\/en\/wp-json\/wp\/v2\/posts\/9662\/revisions\/9832"}],"wp:featuredmedia":[{"embeddable":true,"href":"https:\/\/proglas.co.rs\/en\/wp-json\/wp\/v2\/media\/9664"}],"wp:attachment":[{"href":"https:\/\/proglas.co.rs\/en\/wp-json\/wp\/v2\/media?parent=9662"}],"wp:term":[{"taxonomy":"category","embeddable":true,"href":"https:\/\/proglas.co.rs\/en\/wp-json\/wp\/v2\/categories?post=9662"},{"taxonomy":"post_tag","embeddable":true,"href":"https:\/\/proglas.co.rs\/en\/wp-json\/wp\/v2\/tags?post=9662"}],"curies":[{"name":"wp","href":"https:\/\/api.w.org\/{rel}","templated":true}]}}